{"id":144962,"date":"2022-04-07T11:54:00","date_gmt":"2022-04-07T15:54:00","guid":{"rendered":"https:\/\/linitiative.ca\/International\/securite-le-maroc-appelle-a-lamelioration-du-systeme-de-reponse-aux-menaces-en-afrique\/"},"modified":"2022-04-07T11:54:00","modified_gmt":"2022-04-07T15:54:00","slug":"securite-le-maroc-appelle-a-lamelioration-du-systeme-de-reponse-aux-menaces-en-afrique","status":"publish","type":"post","link":"https:\/\/linitiative.ca\/International\/securite-le-maroc-appelle-a-lamelioration-du-systeme-de-reponse-aux-menaces-en-afrique\/","title":{"rendered":"S\u00e9curit\u00e9. Le Maroc appelle \u00e0 l\u2019am\u00e9lioration du syst\u00e8me de r\u00e9ponse aux menaces en Afrique"},"content":{"rendered":"<div><img decoding=\"async\" width=\"1280\" height=\"720\" src=\"https:\/\/www.challenge.ma\/wp-content\/uploads\/2022\/04\/terrorisme_strategie_maroc.webp\" class=\"attachment-post-thumbnail size-post-thumbnail wp-post-image\" alt=\"\" loading=\"lazy\" srcset=\"https:\/\/www.challenge.ma\/wp-content\/uploads\/2022\/04\/terrorisme_strategie_maroc.webp 1280w, https:\/\/www.challenge.ma\/wp-content\/uploads\/2022\/04\/terrorisme_strategie_maroc-300x169.webp 300w, https:\/\/www.challenge.ma\/wp-content\/uploads\/2022\/04\/terrorisme_strategie_maroc-1024x576.webp 1024w, https:\/\/www.challenge.ma\/wp-content\/uploads\/2022\/04\/terrorisme_strategie_maroc-768x432.webp 768w, https:\/\/www.challenge.ma\/wp-content\/uploads\/2022\/04\/terrorisme_strategie_maroc-360x203.webp 360w, https:\/\/www.challenge.ma\/wp-content\/uploads\/2022\/04\/terrorisme_strategie_maroc-750x422.webp 750w\" sizes=\"auto, (max-width: 1280px) 100vw, 1280px\" itemprop=\"image\">Le Maroc s\u2019est adress\u00e9 mercredi au Conseil de paix et de s\u00e9curit\u00e9 (CPS) de l\u2019Union africaine (UA), soulignant l\u2019importance de la coop\u00e9ration africaine pour renforcer le Syst\u00e8me continental d\u2019alerte pr\u00e9coce (CEWS). Le syst\u00e8me d\u2019alerte pr\u00e9coce (SAP) est un syst\u00e8me d\u2019urgence pr\u00e9ventif qui est mis en place pour r\u00e9pondre rapidement aux<\/div>\n<p>Auteur: Azeroual Siham<br \/>\n<a href=\"https:\/\/www.challenge.ma\/securite-le-maroc-appelle-a-lamelioration-du-systeme-de-reponse-aux-menaces-en-afrique-236369\/\">Cliquez ici pour lire l&rsquo;article depuis sa source.<\/a><\/p>\n","protected":false},"excerpt":{"rendered":"<p>Le Maroc s\u2019est adress\u00e9 mercredi au Conseil de paix et de s\u00e9curit\u00e9 (CPS) de l\u2019Union africaine (UA), soulignant l\u2019importance de la coop\u00e9ration africaine pour renforcer le Syst\u00e8me continental d\u2019alerte pr\u00e9coce (CEWS). Le syst\u00e8me d\u2019alerte pr\u00e9coce (SAP) est un syst\u00e8me d\u2019urgence pr\u00e9ventif qui est mis en place pour r\u00e9pondre rapidement aux Auteur: Azeroual Siham Cliquez ici [&hellip;]<\/p>\n","protected":false},"author":1787,"featured_media":0,"comment_status":"closed","ping_status":"closed","sticky":false,"template":"","format":"standard","meta":{"fifu_image_url":"https:\/\/www.challenge.ma\/wp-content\/uploads\/2022\/04\/terrorisme_strategie_maroc.webp","fifu_image_alt":"S\u00e9curit\u00e9. Le Maroc appelle \u00e0 l\u2019am\u00e9lioration du syst\u00e8me de r\u00e9ponse aux menaces en Afrique","footnotes":""},"categories":[78,54],"tags":[],"class_list":["post-144962","post","type-post","status-publish","format-standard","hentry","category-economie","category-maroc"],"_links":{"self":[{"href":"https:\/\/linitiative.ca\/International\/wp-json\/wp\/v2\/posts\/144962","targetHints":{"allow":["GET"]}}],"collection":[{"href":"https:\/\/linitiative.ca\/International\/wp-json\/wp\/v2\/posts"}],"about":[{"href":"https:\/\/linitiative.ca\/International\/wp-json\/wp\/v2\/types\/post"}],"author":[{"embeddable":true,"href":"https:\/\/linitiative.ca\/International\/wp-json\/wp\/v2\/users\/1787"}],"replies":[{"embeddable":true,"href":"https:\/\/linitiative.ca\/International\/wp-json\/wp\/v2\/comments?post=144962"}],"version-history":[{"count":0,"href":"https:\/\/linitiative.ca\/International\/wp-json\/wp\/v2\/posts\/144962\/revisions"}],"wp:attachment":[{"href":"https:\/\/linitiative.ca\/International\/wp-json\/wp\/v2\/media?parent=144962"}],"wp:term":[{"taxonomy":"category","embeddable":true,"href":"https:\/\/linitiative.ca\/International\/wp-json\/wp\/v2\/categories?post=144962"},{"taxonomy":"post_tag","embeddable":true,"href":"https:\/\/linitiative.ca\/International\/wp-json\/wp\/v2\/tags?post=144962"}],"curies":[{"name":"wp","href":"https:\/\/api.w.org\/{rel}","templated":true}]}}