{"id":144967,"date":"2022-04-07T15:37:55","date_gmt":"2022-04-07T19:37:55","guid":{"rendered":"https:\/\/linitiative.ca\/International\/uefa-cl-le-onze-type-de-la-semaine\/"},"modified":"2022-04-07T15:37:55","modified_gmt":"2022-04-07T19:37:55","slug":"uefa-cl-le-onze-type-de-la-semaine","status":"publish","type":"post","link":"https:\/\/linitiative.ca\/International\/uefa-cl-le-onze-type-de-la-semaine\/","title":{"rendered":"UEFA CL : Le Onze type de la semaine"},"content":{"rendered":"<div>\n<p>L\u2019\u00e9quipe type des 1\/4 de finale aller de l\u2019UEFA Champions League europ\u00e9enne a \u00e9t\u00e9 d\u00e9voil\u00e9 ce jeudi 7 avril 2022. Il s\u2019agit du Onze, domin\u00e9 par les joueurs de Villarreal, suivant : \u2013 Gardien : Ger\u00f3nimo Rulli (Villarreal) ; \u2013 D\u00e9fenseurs : Ibrahima Konat\u00e9 (Liverpool), Ra\u00fal Albiol et Pau Torres (Villarreal), Aymeric Laporte (Man. City) [\u2026]<\/p>\n<p>L\u2019article <a href=\"https:\/\/sport.tunisienumerique.com\/uefa-cl-le-onze-type-de-la-semaine\/\">UEFA CL : Le Onze type de la semaine<\/a> est apparu en premier sur <a href=\"https:\/\/www.tunisienumerique.com\/\">Tunisie<\/a>.<\/p>\n<\/div>\n<p>Auteur: Hamza Ben Khlifa<br \/>\n<a href=\"https:\/\/sport.tunisienumerique.com\/uefa-cl-le-onze-type-de-la-semaine\/\">Cliquez ici pour lire l&rsquo;article depuis sa source.<\/a><\/p>\n","protected":false},"excerpt":{"rendered":"<p>L\u2019\u00e9quipe type des 1\/4 de finale aller de l\u2019UEFA Champions League europ\u00e9enne a \u00e9t\u00e9 d\u00e9voil\u00e9 ce jeudi 7 avril 2022. Il s\u2019agit du Onze, domin\u00e9 par les joueurs de Villarreal, suivant : \u2013 Gardien : Ger\u00f3nimo Rulli (Villarreal) ; \u2013 D\u00e9fenseurs : Ibrahima Konat\u00e9 (Liverpool), Ra\u00fal Albiol et Pau Torres (Villarreal), Aymeric Laporte (Man. City) [&hellip;]<\/p>\n","protected":false},"author":1789,"featured_media":0,"comment_status":"closed","ping_status":"closed","sticky":false,"template":"","format":"standard","meta":{"fifu_image_url":"","fifu_image_alt":"","footnotes":""},"categories":[73,55],"tags":[],"class_list":["post-144967","post","type-post","status-publish","format-standard","hentry","category-actualite","category-tunisie"],"_links":{"self":[{"href":"https:\/\/linitiative.ca\/International\/wp-json\/wp\/v2\/posts\/144967","targetHints":{"allow":["GET"]}}],"collection":[{"href":"https:\/\/linitiative.ca\/International\/wp-json\/wp\/v2\/posts"}],"about":[{"href":"https:\/\/linitiative.ca\/International\/wp-json\/wp\/v2\/types\/post"}],"author":[{"embeddable":true,"href":"https:\/\/linitiative.ca\/International\/wp-json\/wp\/v2\/users\/1789"}],"replies":[{"embeddable":true,"href":"https:\/\/linitiative.ca\/International\/wp-json\/wp\/v2\/comments?post=144967"}],"version-history":[{"count":0,"href":"https:\/\/linitiative.ca\/International\/wp-json\/wp\/v2\/posts\/144967\/revisions"}],"wp:attachment":[{"href":"https:\/\/linitiative.ca\/International\/wp-json\/wp\/v2\/media?parent=144967"}],"wp:term":[{"taxonomy":"category","embeddable":true,"href":"https:\/\/linitiative.ca\/International\/wp-json\/wp\/v2\/categories?post=144967"},{"taxonomy":"post_tag","embeddable":true,"href":"https:\/\/linitiative.ca\/International\/wp-json\/wp\/v2\/tags?post=144967"}],"curies":[{"name":"wp","href":"https:\/\/api.w.org\/{rel}","templated":true}]}}