{"id":144968,"date":"2022-04-07T15:55:00","date_gmt":"2022-04-07T19:55:00","guid":{"rendered":"https:\/\/linitiative.ca\/International\/tunisie-les-agriculteurs-menacent-de-ne-pas-livrer-les-recoltes-de-cereales\/"},"modified":"2022-04-07T15:55:00","modified_gmt":"2022-04-07T19:55:00","slug":"tunisie-les-agriculteurs-menacent-de-ne-pas-livrer-les-recoltes-de-cereales","status":"publish","type":"post","link":"https:\/\/linitiative.ca\/International\/tunisie-les-agriculteurs-menacent-de-ne-pas-livrer-les-recoltes-de-cereales\/","title":{"rendered":"Tunisie : les agriculteurs menacent de ne pas livrer les r\u00e9coltes de c\u00e9r\u00e9ales"},"content":{"rendered":"<div>\n<p>Les producteurs de c\u00e9r\u00e9ales en Tunisie menacent de suspendre la r\u00e9colte de bl\u00e9 de cette ann\u00e9e et de ne pas livrer les quantit\u00e9s collect\u00e9es pour protester contre les prix fix\u00e9s par les autorit\u00e9s dans un contexte o\u00f9 la crise mondiale des c\u00e9r\u00e9ales s\u2019intensifie en raison de la guerre russo-ukrainienne qui menace l\u2019approvisionnement des pays importateurs [\u2026]<\/p>\n<p>L\u2019article <a href=\"https:\/\/www.tunisienumerique.com\/tunisie-les-agriculteurs-menacent-de-ne-pas-livrer-les-recoltes-de-cereales\/\">Tunisie : les agriculteurs menacent de ne pas livrer les r\u00e9coltes de c\u00e9r\u00e9ales<\/a> est apparu en premier sur <a href=\"https:\/\/www.tunisienumerique.com\/\">Tunisie<\/a>.<\/p>\n<\/div>\n<p>Auteur: Mohamed Ben Abderrazek<br \/>\n<a href=\"https:\/\/www.tunisienumerique.com\/tunisie-les-agriculteurs-menacent-de-ne-pas-livrer-les-recoltes-de-cereales\/\">Cliquez ici pour lire l&rsquo;article depuis sa source.<\/a><\/p>\n","protected":false},"excerpt":{"rendered":"<p>Les producteurs de c\u00e9r\u00e9ales en Tunisie menacent de suspendre la r\u00e9colte de bl\u00e9 de cette ann\u00e9e et de ne pas livrer les quantit\u00e9s collect\u00e9es pour protester contre les prix fix\u00e9s par les autorit\u00e9s dans un contexte o\u00f9 la crise mondiale des c\u00e9r\u00e9ales s\u2019intensifie en raison de la guerre russo-ukrainienne qui menace l\u2019approvisionnement des pays importateurs [&hellip;]<\/p>\n","protected":false},"author":1789,"featured_media":0,"comment_status":"closed","ping_status":"closed","sticky":false,"template":"","format":"standard","meta":{"fifu_image_url":"","fifu_image_alt":"","footnotes":""},"categories":[73,55],"tags":[],"class_list":["post-144968","post","type-post","status-publish","format-standard","hentry","category-actualite","category-tunisie"],"_links":{"self":[{"href":"https:\/\/linitiative.ca\/International\/wp-json\/wp\/v2\/posts\/144968","targetHints":{"allow":["GET"]}}],"collection":[{"href":"https:\/\/linitiative.ca\/International\/wp-json\/wp\/v2\/posts"}],"about":[{"href":"https:\/\/linitiative.ca\/International\/wp-json\/wp\/v2\/types\/post"}],"author":[{"embeddable":true,"href":"https:\/\/linitiative.ca\/International\/wp-json\/wp\/v2\/users\/1789"}],"replies":[{"embeddable":true,"href":"https:\/\/linitiative.ca\/International\/wp-json\/wp\/v2\/comments?post=144968"}],"version-history":[{"count":0,"href":"https:\/\/linitiative.ca\/International\/wp-json\/wp\/v2\/posts\/144968\/revisions"}],"wp:attachment":[{"href":"https:\/\/linitiative.ca\/International\/wp-json\/wp\/v2\/media?parent=144968"}],"wp:term":[{"taxonomy":"category","embeddable":true,"href":"https:\/\/linitiative.ca\/International\/wp-json\/wp\/v2\/categories?post=144968"},{"taxonomy":"post_tag","embeddable":true,"href":"https:\/\/linitiative.ca\/International\/wp-json\/wp\/v2\/tags?post=144968"}],"curies":[{"name":"wp","href":"https:\/\/api.w.org\/{rel}","templated":true}]}}