{"id":144969,"date":"2022-04-07T16:05:55","date_gmt":"2022-04-07T20:05:55","guid":{"rendered":"https:\/\/linitiative.ca\/International\/jendouba-ghardimaou-photos-visite-de-lambassadeur-dalgerie-au-musee-de-la-memoire-commune-tuniso-algerienne\/"},"modified":"2022-04-07T16:05:55","modified_gmt":"2022-04-07T20:05:55","slug":"jendouba-ghardimaou-photos-visite-de-lambassadeur-dalgerie-au-musee-de-la-memoire-commune-tuniso-algerienne","status":"publish","type":"post","link":"https:\/\/linitiative.ca\/International\/jendouba-ghardimaou-photos-visite-de-lambassadeur-dalgerie-au-musee-de-la-memoire-commune-tuniso-algerienne\/","title":{"rendered":"Jendouba-Ghardimaou [PHOTOS] : Visite de l\u2019ambassadeur d\u2019Alg\u00e9rie au Mus\u00e9e de la M\u00e9moire Commune Tuniso Alg\u00e9rienne"},"content":{"rendered":"<div>\n<p>L\u2019ambassadeur d\u2019Alg\u00e9rie, Azzouz Baallal a effectu\u00e9 il y a quelques jours, une visite \u00e0 Ghardimaou o\u00f9 il s\u2019est rendu au Mus\u00e9e de la M\u00e9moire Commune Tuniso Algerienne. En effet, ce mus\u00e9e est implant\u00e9 dans les b\u00e2timents ayant abrit\u00e9 le QG de la R\u00e9volution alg\u00e9rienne pendant la Guerre de Lib\u00e9ration (1954-1962). Des archives, des cartes, des [\u2026]<\/p>\n<p>L\u2019article <a href=\"https:\/\/www.tunisienumerique.com\/jendouba-ghardimaou-photos-visite-de-lambassadeur-dalgerie-au-musee-de-la-memoire-commune-tuniso-algerienne\/\">Jendouba-Ghardimaou [PHOTOS] : Visite de l\u2019ambassadeur d\u2019Alg\u00e9rie au Mus\u00e9e de la M\u00e9moire Commune Tuniso Alg\u00e9rienne<\/a> est apparu en premier sur <a href=\"https:\/\/www.tunisienumerique.com\/\">Tunisie<\/a>.<\/p>\n<\/div>\n<p>Auteur: rania ben slimane<br \/>\n<a href=\"https:\/\/www.tunisienumerique.com\/jendouba-ghardimaou-photos-visite-de-lambassadeur-dalgerie-au-musee-de-la-memoire-commune-tuniso-algerienne\/\">Cliquez ici pour lire l&rsquo;article depuis sa source.<\/a><\/p>\n","protected":false},"excerpt":{"rendered":"<p>L\u2019ambassadeur d\u2019Alg\u00e9rie, Azzouz Baallal a effectu\u00e9 il y a quelques jours, une visite \u00e0 Ghardimaou o\u00f9 il s\u2019est rendu au Mus\u00e9e de la M\u00e9moire Commune Tuniso Algerienne. En effet, ce mus\u00e9e est implant\u00e9 dans les b\u00e2timents ayant abrit\u00e9 le QG de la R\u00e9volution alg\u00e9rienne pendant la Guerre de Lib\u00e9ration (1954-1962). Des archives, des cartes, des [&hellip;]<\/p>\n","protected":false},"author":1789,"featured_media":0,"comment_status":"closed","ping_status":"closed","sticky":false,"template":"","format":"standard","meta":{"fifu_image_url":"","fifu_image_alt":"","footnotes":""},"categories":[73,55],"tags":[],"class_list":["post-144969","post","type-post","status-publish","format-standard","hentry","category-actualite","category-tunisie"],"_links":{"self":[{"href":"https:\/\/linitiative.ca\/International\/wp-json\/wp\/v2\/posts\/144969","targetHints":{"allow":["GET"]}}],"collection":[{"href":"https:\/\/linitiative.ca\/International\/wp-json\/wp\/v2\/posts"}],"about":[{"href":"https:\/\/linitiative.ca\/International\/wp-json\/wp\/v2\/types\/post"}],"author":[{"embeddable":true,"href":"https:\/\/linitiative.ca\/International\/wp-json\/wp\/v2\/users\/1789"}],"replies":[{"embeddable":true,"href":"https:\/\/linitiative.ca\/International\/wp-json\/wp\/v2\/comments?post=144969"}],"version-history":[{"count":0,"href":"https:\/\/linitiative.ca\/International\/wp-json\/wp\/v2\/posts\/144969\/revisions"}],"wp:attachment":[{"href":"https:\/\/linitiative.ca\/International\/wp-json\/wp\/v2\/media?parent=144969"}],"wp:term":[{"taxonomy":"category","embeddable":true,"href":"https:\/\/linitiative.ca\/International\/wp-json\/wp\/v2\/categories?post=144969"},{"taxonomy":"post_tag","embeddable":true,"href":"https:\/\/linitiative.ca\/International\/wp-json\/wp\/v2\/tags?post=144969"}],"curies":[{"name":"wp","href":"https:\/\/api.w.org\/{rel}","templated":true}]}}