{"id":144972,"date":"2022-04-07T16:21:15","date_gmt":"2022-04-07T20:21:15","guid":{"rendered":"https:\/\/linitiative.ca\/International\/possibilite-de-reduire-la-duree-de-la-transition-ce-que-damiba-na-pas-dit\/"},"modified":"2022-04-07T16:21:15","modified_gmt":"2022-04-07T20:21:15","slug":"possibilite-de-reduire-la-duree-de-la-transition-ce-que-damiba-na-pas-dit","status":"publish","type":"post","link":"https:\/\/linitiative.ca\/International\/possibilite-de-reduire-la-duree-de-la-transition-ce-que-damiba-na-pas-dit\/","title":{"rendered":"POSSIBILITE DE REDUIRE LA DUREE DE LA TRANSITION  \u00a0: Ce que Damiba n\u2019a pas dit\u2026"},"content":{"rendered":"<div>\n<p><img decoding=\"async\" width=\"272\" height=\"185\" src=\"https:\/\/linitiative.ca\/International\/wp-content\/uploads\/sites\/23\/2022\/04\/DAMIBA.jpg\" class=\"attachment- size- wp-post-image\" alt=\"\" loading=\"lazy\" style=\"float:left; margin:0 15px 15px 0;\" srcset=\"https:\/\/linitiative.ca\/International\/wp-content\/uploads\/sites\/23\/2022\/04\/DAMIBA.jpg 272w, https:\/\/lepays.bf\/wp-content\/uploads\/2022\/04\/DAMIBA-150x102.jpg 150w, https:\/\/lepays.bf\/wp-content\/uploads\/2022\/04\/DAMIBA-128x86.jpg 128w\" sizes=\"auto, (max-width: 272px) 100vw, 272px\">\u00ab\u00a0Aucune fixation ne doit \u00eatre faite sur la dur\u00e9e retenue pour la transition parce qu\u2019elle pourrait \u00eatre r\u00e9vis\u00e9e si la situation s\u00e9curitaire s\u2019am\u00e9liorait dans les mois \u00e0 venir dans les zones \u00e0 forts d\u00e9fis s\u00e9curitaires\u00a0\u00bb. Telle est la phrase qui a retenu le plus mon [\u2026]<\/p>\n<p>L\u2019article <a rel=\"nofollow\" href=\"https:\/\/lepays.bf\/possibilite-de-reduire-la-duree-de-la-transition-ce-que-damiba-na-pas-dit\/\">POSSIBILITE DE REDUIRE LA DUREE DE LA TRANSITION  \u00a0: Ce que Damiba n\u2019a pas dit\u2026<\/a> est apparu en premier sur <a rel=\"nofollow\" href=\"https:\/\/lepays.bf\/\">Editions Le Pays<\/a>.<\/p>\n<\/div>\n<p>Auteur: Editions LEPAYS<br \/>\n<a href=\"https:\/\/lepays.bf\/possibilite-de-reduire-la-duree-de-la-transition-ce-que-damiba-na-pas-dit\/\">Cliquez ici pour lire l&rsquo;article depuis sa source.<\/a><\/p>\n","protected":false},"excerpt":{"rendered":"<p>\u00ab\u00a0Aucune fixation ne doit \u00eatre faite sur la dur\u00e9e retenue pour la transition parce qu\u2019elle pourrait \u00eatre r\u00e9vis\u00e9e si la situation s\u00e9curitaire s\u2019am\u00e9liorait dans les mois \u00e0 venir dans les zones \u00e0 forts d\u00e9fis s\u00e9curitaires\u00a0\u00bb. Telle est la phrase qui a retenu le plus mon [\u2026] L\u2019article POSSIBILITE DE REDUIRE LA DUREE DE LA TRANSITION [&hellip;]<\/p>\n","protected":false},"author":1813,"featured_media":0,"comment_status":"closed","ping_status":"closed","sticky":false,"template":"","format":"standard","meta":{"fifu_image_url":"https:\/\/lepays.bf\/wp-content\/uploads\/2022\/04\/DAMIBA.jpg","fifu_image_alt":"POSSIBILITE DE REDUIRE LA DUREE DE LA TRANSITION  \u00a0: Ce que Damiba n\u2019a pas dit\u2026","footnotes":""},"categories":[73,81],"tags":[],"class_list":["post-144972","post","type-post","status-publish","format-standard","hentry","category-actualite","category-burkina-faso"],"_links":{"self":[{"href":"https:\/\/linitiative.ca\/International\/wp-json\/wp\/v2\/posts\/144972","targetHints":{"allow":["GET"]}}],"collection":[{"href":"https:\/\/linitiative.ca\/International\/wp-json\/wp\/v2\/posts"}],"about":[{"href":"https:\/\/linitiative.ca\/International\/wp-json\/wp\/v2\/types\/post"}],"author":[{"embeddable":true,"href":"https:\/\/linitiative.ca\/International\/wp-json\/wp\/v2\/users\/1813"}],"replies":[{"embeddable":true,"href":"https:\/\/linitiative.ca\/International\/wp-json\/wp\/v2\/comments?post=144972"}],"version-history":[{"count":0,"href":"https:\/\/linitiative.ca\/International\/wp-json\/wp\/v2\/posts\/144972\/revisions"}],"wp:attachment":[{"href":"https:\/\/linitiative.ca\/International\/wp-json\/wp\/v2\/media?parent=144972"}],"wp:term":[{"taxonomy":"category","embeddable":true,"href":"https:\/\/linitiative.ca\/International\/wp-json\/wp\/v2\/categories?post=144972"},{"taxonomy":"post_tag","embeddable":true,"href":"https:\/\/linitiative.ca\/International\/wp-json\/wp\/v2\/tags?post=144972"}],"curies":[{"name":"wp","href":"https:\/\/api.w.org\/{rel}","templated":true}]}}