{"id":144974,"date":"2022-04-07T16:23:44","date_gmt":"2022-04-07T20:23:44","guid":{"rendered":"https:\/\/linitiative.ca\/International\/action-civile-de-laffaire-thomas-sankara-qui-va-casquer\/"},"modified":"2022-04-07T16:23:44","modified_gmt":"2022-04-07T20:23:44","slug":"action-civile-de-laffaire-thomas-sankara-qui-va-casquer","status":"publish","type":"post","link":"https:\/\/linitiative.ca\/International\/action-civile-de-laffaire-thomas-sankara-qui-va-casquer\/","title":{"rendered":"ACTION CIVILE DE L\u2019AFFAIRE THOMAS SANKARA : \u00a0Qui va casquer\u00a0?"},"content":{"rendered":"<div>\n<p><img decoding=\"async\" width=\"310\" height=\"163\" src=\"https:\/\/linitiative.ca\/International\/wp-content\/uploads\/sites\/23\/2022\/04\/VERDICT-1.jpg\" class=\"attachment- size- wp-post-image\" alt=\"\" loading=\"lazy\" style=\"float:left; margin:0 15px 15px 0;\" srcset=\"https:\/\/linitiative.ca\/International\/wp-content\/uploads\/sites\/23\/2022\/04\/VERDICT-1.jpg 310w, https:\/\/lepays.bf\/wp-content\/uploads\/2022\/04\/VERDICT-1-300x158.jpg 300w, https:\/\/lepays.bf\/wp-content\/uploads\/2022\/04\/VERDICT-1-150x79.jpg 150w\" sizes=\"auto, (max-width: 310px) 100vw, 310px\">Ouvert en octobre 2021, le proc\u00e8s de l\u2019assassinat de Thomas Sankara et ses douze compagnons d\u2019infortune, a livr\u00e9 son verdict le 6 avril 2022. L\u2019ex-pr\u00e9sident Blaise Compaor\u00e9 et son tristement c\u00e9l\u00e8bre ange gardien Hyacinthe Kafando, aujourd\u2019hui tous deux en exil et jug\u00e9s par contumace, ont [\u2026]<\/p>\n<p>L\u2019article <a rel=\"nofollow\" href=\"https:\/\/lepays.bf\/action-civile-de-laffaire-thomas-sankara-qui-va-casquer\/\">ACTION CIVILE DE L\u2019AFFAIRE THOMAS SANKARA : \u00a0Qui va casquer\u00a0?<\/a> est apparu en premier sur <a rel=\"nofollow\" href=\"https:\/\/lepays.bf\/\">Editions Le Pays<\/a>.<\/p>\n<\/div>\n<p>Auteur: Editions LEPAYS<br \/>\n<a href=\"https:\/\/lepays.bf\/action-civile-de-laffaire-thomas-sankara-qui-va-casquer\/\">Cliquez ici pour lire l&rsquo;article depuis sa source.<\/a><\/p>\n","protected":false},"excerpt":{"rendered":"<p>Ouvert en octobre 2021, le proc\u00e8s de l\u2019assassinat de Thomas Sankara et ses douze compagnons d\u2019infortune, a livr\u00e9 son verdict le 6 avril 2022. L\u2019ex-pr\u00e9sident Blaise Compaor\u00e9 et son tristement c\u00e9l\u00e8bre ange gardien Hyacinthe Kafando, aujourd\u2019hui tous deux en exil et jug\u00e9s par contumace, ont [\u2026] L\u2019article ACTION CIVILE DE L\u2019AFFAIRE THOMAS SANKARA : \u00a0Qui [&hellip;]<\/p>\n","protected":false},"author":1813,"featured_media":0,"comment_status":"closed","ping_status":"closed","sticky":false,"template":"","format":"standard","meta":{"fifu_image_url":"https:\/\/lepays.bf\/wp-content\/uploads\/2022\/04\/VERDICT-1.jpg","fifu_image_alt":"ACTION CIVILE DE L\u2019AFFAIRE THOMAS SANKARA : \u00a0Qui va casquer\u00a0?","footnotes":""},"categories":[73,81],"tags":[],"class_list":["post-144974","post","type-post","status-publish","format-standard","hentry","category-actualite","category-burkina-faso"],"_links":{"self":[{"href":"https:\/\/linitiative.ca\/International\/wp-json\/wp\/v2\/posts\/144974","targetHints":{"allow":["GET"]}}],"collection":[{"href":"https:\/\/linitiative.ca\/International\/wp-json\/wp\/v2\/posts"}],"about":[{"href":"https:\/\/linitiative.ca\/International\/wp-json\/wp\/v2\/types\/post"}],"author":[{"embeddable":true,"href":"https:\/\/linitiative.ca\/International\/wp-json\/wp\/v2\/users\/1813"}],"replies":[{"embeddable":true,"href":"https:\/\/linitiative.ca\/International\/wp-json\/wp\/v2\/comments?post=144974"}],"version-history":[{"count":0,"href":"https:\/\/linitiative.ca\/International\/wp-json\/wp\/v2\/posts\/144974\/revisions"}],"wp:attachment":[{"href":"https:\/\/linitiative.ca\/International\/wp-json\/wp\/v2\/media?parent=144974"}],"wp:term":[{"taxonomy":"category","embeddable":true,"href":"https:\/\/linitiative.ca\/International\/wp-json\/wp\/v2\/categories?post=144974"},{"taxonomy":"post_tag","embeddable":true,"href":"https:\/\/linitiative.ca\/International\/wp-json\/wp\/v2\/tags?post=144974"}],"curies":[{"name":"wp","href":"https:\/\/api.w.org\/{rel}","templated":true}]}}