{"id":144981,"date":"2022-04-07T11:19:02","date_gmt":"2022-04-07T15:19:02","guid":{"rendered":"https:\/\/linitiative.ca\/International\/delibere-du-proces-thomas-sankara-la-famille-et-ses-avocats-se-felicitent-pour-la-victoire-obtenue\/"},"modified":"2022-04-07T11:19:02","modified_gmt":"2022-04-07T15:19:02","slug":"delibere-du-proces-thomas-sankara-la-famille-et-ses-avocats-se-felicitent-pour-la-victoire-obtenue","status":"publish","type":"post","link":"https:\/\/linitiative.ca\/International\/delibere-du-proces-thomas-sankara-la-famille-et-ses-avocats-se-felicitent-pour-la-victoire-obtenue\/","title":{"rendered":"D\u00e9lib\u00e9r\u00e9 du proc\u00e8s Thomas Sankara\u00a0: \u00a0La famille et ses avocats se f\u00e9licitent pour \u00ab\u00a0la victoire\u00a0\u00bb obtenue"},"content":{"rendered":"<div>\n<p><strong>Au lendemain du prononc\u00e9 du verdict dans l\u2019affaire Thomas Sankara, les avocats de la famille de l\u2019ancien pr\u00e9sident ont anim\u00e9 une conf\u00e9rence de presse, le jeudi 7 avril 2022, \u00e0 Ouagadougou. Ils ont salu\u00e9 la d\u00e9cision \u00ab\u00a0courageuse\u00a0\u00bb du juge qui a condamn\u00e9 Blaise Compaor\u00e9 et les autres coaccus\u00e9s.<\/strong><\/p>\n<p>Le juge Urbain M\u00e9da et les autres membres de la chambre de premi\u00e8re instance du Tribunal militaire de Ouagadougou ont \u00ab\u00a0rendu la justice au nom du peuple burkinab\u00e8\u00a0\u00bb dans l\u2019affaire Thomas Sankara, selon les avocats de la famille Sankara. Ceux-ci ont anim\u00e9 une conf\u00e9rence de presse, le jeudi 7 avril 2022, \u00e0 Ouagadougou, pour exprimer leur satisfaction vis-\u00e0-vis du verdict rendu \u00e0 l\u2019encontre des accus\u00e9s, notamment, \u00e0 l\u2019\u00e9gard des principaux accus\u00e9s que sont l\u2019ancien pr\u00e9sident Blaise Compaor\u00e9, Hyacinthe Kafando et Gilbert Diend\u00e9r\u00e9, reconnus coupables et condamn\u00e9s \u00e0 la prison \u00e0 vie. \u00ab\u00a0Nous, avocats de la partie civile, constitu\u00e9s aux c\u00f4t\u00e9s de Mariam Sankara et de ses enfants, prenons acte de la d\u00e9cision rendue\u2026 Aussi, nous nous f\u00e9licitons des r\u00e9sultats auxquels nous sommes parvenus gr\u00e2ce \u00e0 un travail d\u2019\u00e9quipe\u2026\u00a0\u00bb, a indiqu\u00e9 Me B\u00e9n\u00e9wend\u00e9 Stanislas Sankara dans la d\u00e9claration liminaire.<\/p>\n<p>Les avocats ont toutefois reconnu la persistance de zones d\u2019ombres \u00e0 propos des \u00ab\u00a0complicit\u00e9s internationales\u00a0\u00bb et d\u00e9plor\u00e9 que \u00ab\u00a0les v\u00e9ritables auteurs Blaise Compaor\u00e9 et Yacinthe Kafando\u00a0\u00bb ont pu fuir le pays pour tenter de se d\u00e9rober \u00e0 la justice. A ce propos, Me Prosper Farama a souhait\u00e9 que l\u2019Etat burkinab\u00e8 mette tous les moyens en \u0153uvre, en respectant les droits des personnes condamn\u00e9es, pour que cette d\u00e9cision soit respect\u00e9e. D\u2019apr\u00e8s lui, il y va du respect de la justice. Notant que la nationalit\u00e9 ivoirienne de l\u2019ex pr\u00e9sident Compaor\u00e9 joue dans la balance, l\u2019avocat a interpell\u00e9 l\u2019Etat ivoirien pour qu\u2019il joue sa partition en livrant Blaise Compaor\u00e9. \u00ab J\u2019esp\u00e8re que la C\u00f4te d\u2019Ivoire comprendra que se joue l\u00e0, le destin d\u2019un pays\u00a0\u00bb, a-t-il souhait\u00e9.<\/p>\n<p><a href=\"https:\/\/www.facebook.com\/plugins\/video.php?height=280&amp;href=https%3A%2F%2Fwww.facebook.com%2FESidwaya%2Fvideos%2F5223165314371954%2F&amp;show_text=false&amp;width=560&amp;t=0\">https:\/\/www.facebook.com\/plugins\/video.php?height=280&amp;href=https%3A%2F%2Fwww.facebook.com%2FESidwaya%2Fvideos%2F5223165314371954%2F&amp;show_text=false&amp;width=560&amp;t=0<\/a><\/p>\n<p>Les avocats ont \u00e9t\u00e9 interpell\u00e9s \u00e9galement sur les vell\u00e9it\u00e9s de gr\u00e2ce qui pourraient \u00eatre accord\u00e9e aux condamn\u00e9s par les autorit\u00e9s sur fond de r\u00e9conciliation nationale. A cette question, les conf\u00e9renciers ont d\u2019abord \u00e9mis des r\u00e9serves sur la question de r\u00e9conciliation nationale. \u00ab\u00a0De mon point de vue personnel, ce n\u2019est pas une question de r\u00e9conciliation qui est pos\u00e9e, mais de justice. Et la justice a rendu son verdict comme pour tout Burkinab\u00e8. Le voleur de mouton, le d\u00e9tourneur de deniers publics\u2026, quand il est condamn\u00e9, il purge sa peine\u00a0\u00bb, a soulign\u00e9 Me Farama. Il a poursuivi\u00a0: \u00ab J\u2019attire l\u2019attention des autorit\u00e9s en place. Si les gens ont pris le pouvoir pour venir gracier leurs anciens amis (\u2026) ils auront face \u00e0 eux d\u2019autres Burkinab\u00e8 qui leur diront non, parce que dans le principe, cela ne peut pas s\u2019accepter.\u00a0S\u2019ils ont droit \u00e0 une gr\u00e2ce ou \u00e0 une amnistie ou \u00e0 quoi d\u2019autres que ce soit juridiquement. Je n\u2019ai rien contre, mais que ce soit fait dans les r\u00e8gles de l\u2019art \u00bb. Au demeurant, les conf\u00e9renciers ont parl\u00e9 sous r\u00e9serve des \u00e9ventuels recours des condamn\u00e9s. Les avocats se projettent aussi au proc\u00e8s civil pr\u00e9vu pour s\u2019ouvrir, le 13 avril prochain. Si les parents des victimes n\u2019ont pas encore pr\u00e9cis\u00e9 si elles vont demander des dommages et int\u00e9r\u00eats aux accus\u00e9s, les avocats, pour leur part, ont pr\u00e9venu qu\u2019ils r\u00e9clameront le montant de leurs honoraires.<\/p>\n<p><strong>Fab\u00e9 Mamadou OUATTARA<\/strong><\/p>\n<p><strong>Alice SAWADOGO<\/strong><\/p>\n<p><strong>(Stagiaire)<\/strong><\/p>\n<p>L\u2019article <a rel=\"nofollow\" href=\"https:\/\/www.sidwaya.info\/blog\/2022\/04\/07\/delibere-du-proces-thomas-sankara-la-famille-et-ses-avocats-se-felicitent-pour-la-victoire-obtenue\/\">D\u00e9lib\u00e9r\u00e9 du proc\u00e8s Thomas Sankara\u00a0: \u00a0La famille et ses avocats se f\u00e9licitent pour \u00ab\u00a0la victoire\u00a0\u00bb obtenue<\/a> est apparu en premier sur <a rel=\"nofollow\" href=\"https:\/\/www.sidwaya.info\/\">Quotidien Sidwaya<\/a>.<\/p>\n<\/div>\n<p>Auteur: Wamini SIDWAYA<br \/>\n<a href=\"https:\/\/www.sidwaya.info\/blog\/2022\/04\/07\/delibere-du-proces-thomas-sankara-la-famille-et-ses-avocats-se-felicitent-pour-la-victoire-obtenue\/?utm_source=rss&#038;utm_medium=rss&#038;utm_campaign=delibere-du-proces-thomas-sankara-la-famille-et-ses-avocats-se-felicitent-pour-la-victoire-obtenue\">Cliquez ici pour lire l&rsquo;article depuis sa source.<\/a><\/p>\n","protected":false},"excerpt":{"rendered":"<p>Au lendemain du prononc\u00e9 du verdict dans l\u2019affaire Thomas Sankara, les avocats de la famille de l\u2019ancien pr\u00e9sident ont anim\u00e9 une conf\u00e9rence de presse, le jeudi 7 avril 2022, \u00e0 Ouagadougou. Ils ont salu\u00e9 la d\u00e9cision \u00ab\u00a0courageuse\u00a0\u00bb du juge qui a condamn\u00e9 Blaise Compaor\u00e9 et les autres coaccus\u00e9s. Le juge Urbain M\u00e9da et les autres [&hellip;]<\/p>\n","protected":false},"author":1816,"featured_media":0,"comment_status":"closed","ping_status":"closed","sticky":false,"template":"","format":"standard","meta":{"fifu_image_url":"","fifu_image_alt":"","footnotes":""},"categories":[73,81],"tags":[],"class_list":["post-144981","post","type-post","status-publish","format-standard","hentry","category-actualite","category-burkina-faso"],"_links":{"self":[{"href":"https:\/\/linitiative.ca\/International\/wp-json\/wp\/v2\/posts\/144981","targetHints":{"allow":["GET"]}}],"collection":[{"href":"https:\/\/linitiative.ca\/International\/wp-json\/wp\/v2\/posts"}],"about":[{"href":"https:\/\/linitiative.ca\/International\/wp-json\/wp\/v2\/types\/post"}],"author":[{"embeddable":true,"href":"https:\/\/linitiative.ca\/International\/wp-json\/wp\/v2\/users\/1816"}],"replies":[{"embeddable":true,"href":"https:\/\/linitiative.ca\/International\/wp-json\/wp\/v2\/comments?post=144981"}],"version-history":[{"count":0,"href":"https:\/\/linitiative.ca\/International\/wp-json\/wp\/v2\/posts\/144981\/revisions"}],"wp:attachment":[{"href":"https:\/\/linitiative.ca\/International\/wp-json\/wp\/v2\/media?parent=144981"}],"wp:term":[{"taxonomy":"category","embeddable":true,"href":"https:\/\/linitiative.ca\/International\/wp-json\/wp\/v2\/categories?post=144981"},{"taxonomy":"post_tag","embeddable":true,"href":"https:\/\/linitiative.ca\/International\/wp-json\/wp\/v2\/tags?post=144981"}],"curies":[{"name":"wp","href":"https:\/\/api.w.org\/{rel}","templated":true}]}}