{"id":144982,"date":"2022-04-07T11:44:16","date_gmt":"2022-04-07T15:44:16","guid":{"rendered":"https:\/\/linitiative.ca\/International\/burkina-faso-lex-maire-de-sapone-abdoulaye-compaore-en-prison\/"},"modified":"2022-04-07T11:44:16","modified_gmt":"2022-04-07T15:44:16","slug":"burkina-faso-lex-maire-de-sapone-abdoulaye-compaore-en-prison","status":"publish","type":"post","link":"https:\/\/linitiative.ca\/International\/burkina-faso-lex-maire-de-sapone-abdoulaye-compaore-en-prison\/","title":{"rendered":"Burkina\u00a0Faso : l\u2019ex maire de Sapon\u00e9 Abdoulaye Compaor\u00e9\u00a0 en prison"},"content":{"rendered":"<div>\n<p><strong>\u00a0<\/strong>L\u2019ancien maire de Sapon\u00e9 Abdoulaye Compaor\u00e9\u00a0 est \u00a0emprisonn\u00e9 \u00e0 la Maison d\u2019arr\u00eat et de correction de Ouagadougou (MACO), depuis le mardi 05 avril dernier <em>\u00ab\u00a0 pour d\u00e9tournement de deniers publics\u00a0\u00bb, <\/em>selon plusieurs sources concordantes. D\u2019apr\u00e8s\u00a0 les informations r\u00e9colt\u00e9es, \u00a0\u00a0\u00a0sa gestion de la municipalit\u00e9 de Sapon\u00e9 a fait l\u2019objet d\u2019enqu\u00eate suite \u00e0 des d\u00e9nonciations. En plus d\u2019\u00eatre accus\u00e9 de <em>\u00ab\u00a0d\u00e9tournement de deniers public\u00a0\u00bb<\/em>, il est aussi poursuivi pour \u00a0<em>\u00ab\u00a0fausse quittance\u00a0 et imitation de signature\u00a0\u00bb<\/em>. Les m\u00eames sources ont confi\u00e9 que l\u2019affaire concerne plusieurs acteurs sans apporter de pr\u00e9cision. La commune rurale de Sapon\u00e9 est situ\u00e9e \u00e0 35 Km au Sud de Ouagadougou dans la province du Baz\u00e8ga.<\/p>\n<p><strong>La r\u00e9daction<\/strong><\/p>\n<p>L\u2019article <a rel=\"nofollow\" href=\"https:\/\/www.sidwaya.info\/blog\/2022\/04\/07\/burkina-faso-lex-maire-de-sapone-abdoulaye-compaore-en-prison\/\">Burkina\u00a0Faso : l\u2019ex maire de Sapon\u00e9 Abdoulaye Compaor\u00e9\u00a0 en prison<\/a> est apparu en premier sur <a rel=\"nofollow\" href=\"https:\/\/www.sidwaya.info\/\">Quotidien Sidwaya<\/a>.<\/p>\n<\/div>\n<p>Auteur: BS. Sidwaya<br \/>\n<a href=\"https:\/\/www.sidwaya.info\/blog\/2022\/04\/07\/burkina-faso-lex-maire-de-sapone-abdoulaye-compaore-en-prison\/?utm_source=rss&#038;utm_medium=rss&#038;utm_campaign=burkina-faso-lex-maire-de-sapone-abdoulaye-compaore-en-prison\">Cliquez ici pour lire l&rsquo;article depuis sa source.<\/a><\/p>\n","protected":false},"excerpt":{"rendered":"<p>\u00a0L\u2019ancien maire de Sapon\u00e9 Abdoulaye Compaor\u00e9\u00a0 est \u00a0emprisonn\u00e9 \u00e0 la Maison d\u2019arr\u00eat et de correction de Ouagadougou (MACO), depuis le mardi 05 avril dernier \u00ab\u00a0 pour d\u00e9tournement de deniers publics\u00a0\u00bb, selon plusieurs sources concordantes. D\u2019apr\u00e8s\u00a0 les informations r\u00e9colt\u00e9es, \u00a0\u00a0\u00a0sa gestion de la municipalit\u00e9 de Sapon\u00e9 a fait l\u2019objet d\u2019enqu\u00eate suite \u00e0 des d\u00e9nonciations. En plus [&hellip;]<\/p>\n","protected":false},"author":1816,"featured_media":0,"comment_status":"closed","ping_status":"closed","sticky":false,"template":"","format":"standard","meta":{"fifu_image_url":"","fifu_image_alt":"","footnotes":""},"categories":[73,81],"tags":[],"class_list":["post-144982","post","type-post","status-publish","format-standard","hentry","category-actualite","category-burkina-faso"],"_links":{"self":[{"href":"https:\/\/linitiative.ca\/International\/wp-json\/wp\/v2\/posts\/144982","targetHints":{"allow":["GET"]}}],"collection":[{"href":"https:\/\/linitiative.ca\/International\/wp-json\/wp\/v2\/posts"}],"about":[{"href":"https:\/\/linitiative.ca\/International\/wp-json\/wp\/v2\/types\/post"}],"author":[{"embeddable":true,"href":"https:\/\/linitiative.ca\/International\/wp-json\/wp\/v2\/users\/1816"}],"replies":[{"embeddable":true,"href":"https:\/\/linitiative.ca\/International\/wp-json\/wp\/v2\/comments?post=144982"}],"version-history":[{"count":0,"href":"https:\/\/linitiative.ca\/International\/wp-json\/wp\/v2\/posts\/144982\/revisions"}],"wp:attachment":[{"href":"https:\/\/linitiative.ca\/International\/wp-json\/wp\/v2\/media?parent=144982"}],"wp:term":[{"taxonomy":"category","embeddable":true,"href":"https:\/\/linitiative.ca\/International\/wp-json\/wp\/v2\/categories?post=144982"},{"taxonomy":"post_tag","embeddable":true,"href":"https:\/\/linitiative.ca\/International\/wp-json\/wp\/v2\/tags?post=144982"}],"curies":[{"name":"wp","href":"https:\/\/api.w.org\/{rel}","templated":true}]}}