{"id":144983,"date":"2022-04-07T13:31:14","date_gmt":"2022-04-07T17:31:14","guid":{"rendered":"https:\/\/linitiative.ca\/International\/football-karim-benzema-elu-joueur-de-la-semaine-en-ligue-des-champions\/"},"modified":"2022-04-07T13:31:14","modified_gmt":"2022-04-07T17:31:14","slug":"football-karim-benzema-elu-joueur-de-la-semaine-en-ligue-des-champions","status":"publish","type":"post","link":"https:\/\/linitiative.ca\/International\/football-karim-benzema-elu-joueur-de-la-semaine-en-ligue-des-champions\/","title":{"rendered":"Football : Karim Benzema, \u00e9lu joueur de la semaine en Ligue des Champions"},"content":{"rendered":"<div>\n<p>L\u2019attaquant du Real de Madrid Karim Benzema marche actuellement sur l\u2019eau en Ligue des Champions.<\/p>\n<p>Apr\u00e8s avoir marqu\u00e9 trois buts contre le Paris Saint Germain, il a r\u00e9alis\u00e9 un nouveau tripl\u00e9 face \u00e0 Chelsea en \u00a0quart de finale aller de la Ligue des Champions.<\/p>\n<p>Cette performance du joueur fran\u00e7ais a \u00e9t\u00e9 r\u00e9compens\u00e9e, selon le site onzemondial, par l\u2019UEFA qui lui a attribu\u00e9 le titre de joueur de la semaine en Ligue des Champions.<\/p>\n<p><strong>AK<\/strong><\/p>\n<p>L\u2019article <a rel=\"nofollow\" href=\"https:\/\/www.sidwaya.info\/blog\/2022\/04\/07\/football-karim-benzema-elu-joueur-de-la-semaine-en-ligue-des-champions\/\">Football : Karim Benzema, \u00e9lu joueur de la semaine en Ligue des Champions<\/a> est apparu en premier sur <a rel=\"nofollow\" href=\"https:\/\/www.sidwaya.info\/\">Quotidien Sidwaya<\/a>.<\/p>\n<\/div>\n<p>Auteur: BS. Sidwaya<br \/>\n<a href=\"https:\/\/www.sidwaya.info\/blog\/2022\/04\/07\/football-karim-benzema-elu-joueur-de-la-semaine-en-ligue-des-champions\/?utm_source=rss&#038;utm_medium=rss&#038;utm_campaign=football-karim-benzema-elu-joueur-de-la-semaine-en-ligue-des-champions\">Cliquez ici pour lire l&rsquo;article depuis sa source.<\/a><\/p>\n","protected":false},"excerpt":{"rendered":"<p>L\u2019attaquant du Real de Madrid Karim Benzema marche actuellement sur l\u2019eau en Ligue des Champions. Apr\u00e8s avoir marqu\u00e9 trois buts contre le Paris Saint Germain, il a r\u00e9alis\u00e9 un nouveau tripl\u00e9 face \u00e0 Chelsea en \u00a0quart de finale aller de la Ligue des Champions. Cette performance du joueur fran\u00e7ais a \u00e9t\u00e9 r\u00e9compens\u00e9e, selon le site [&hellip;]<\/p>\n","protected":false},"author":1816,"featured_media":0,"comment_status":"closed","ping_status":"closed","sticky":false,"template":"","format":"standard","meta":{"fifu_image_url":"","fifu_image_alt":"","footnotes":""},"categories":[73,81],"tags":[],"class_list":["post-144983","post","type-post","status-publish","format-standard","hentry","category-actualite","category-burkina-faso"],"_links":{"self":[{"href":"https:\/\/linitiative.ca\/International\/wp-json\/wp\/v2\/posts\/144983","targetHints":{"allow":["GET"]}}],"collection":[{"href":"https:\/\/linitiative.ca\/International\/wp-json\/wp\/v2\/posts"}],"about":[{"href":"https:\/\/linitiative.ca\/International\/wp-json\/wp\/v2\/types\/post"}],"author":[{"embeddable":true,"href":"https:\/\/linitiative.ca\/International\/wp-json\/wp\/v2\/users\/1816"}],"replies":[{"embeddable":true,"href":"https:\/\/linitiative.ca\/International\/wp-json\/wp\/v2\/comments?post=144983"}],"version-history":[{"count":0,"href":"https:\/\/linitiative.ca\/International\/wp-json\/wp\/v2\/posts\/144983\/revisions"}],"wp:attachment":[{"href":"https:\/\/linitiative.ca\/International\/wp-json\/wp\/v2\/media?parent=144983"}],"wp:term":[{"taxonomy":"category","embeddable":true,"href":"https:\/\/linitiative.ca\/International\/wp-json\/wp\/v2\/categories?post=144983"},{"taxonomy":"post_tag","embeddable":true,"href":"https:\/\/linitiative.ca\/International\/wp-json\/wp\/v2\/tags?post=144983"}],"curies":[{"name":"wp","href":"https:\/\/api.w.org\/{rel}","templated":true}]}}