{"id":144984,"date":"2022-04-07T13:55:59","date_gmt":"2022-04-07T17:55:59","guid":{"rendered":"https:\/\/linitiative.ca\/International\/algerie-cameroun-la-fifa-repondra-le-21-avril-a-la-plainte-des-fennecs\/"},"modified":"2022-04-07T13:55:59","modified_gmt":"2022-04-07T17:55:59","slug":"algerie-cameroun-la-fifa-repondra-le-21-avril-a-la-plainte-des-fennecs","status":"publish","type":"post","link":"https:\/\/linitiative.ca\/International\/algerie-cameroun-la-fifa-repondra-le-21-avril-a-la-plainte-des-fennecs\/","title":{"rendered":"Alg\u00e9rie\/Cameroun: La FIFA r\u00e9pondra le 21 avril \u00e0 la plainte des Fennecs"},"content":{"rendered":"<div>\n<p>Malgr\u00e9 son \u00e9limination de la prochaine coupe du monde face au Cameroun, l\u2019Alg\u00e9rie esp\u00e8re toujours faire rejouer le match apr\u00e8s sa plainte aupr\u00e8s de la FIFA.<\/p>\n<p>Les Alg\u00e9riens avaient d\u00e9nonc\u00e9 des erreurs arbitrage contre les Lions indomptables. Selon la F\u00e9d\u00e9ration alg\u00e9rienne de football, la FIFA va se prononcer le 21 avril prochain sur le contentieux.<\/p>\n<p><em>\u00abLa F\u00e9d\u00e9ration alg\u00e9rienne de football informe que la r\u00e9clamation qu\u2019elle a introduit aupr\u00e8s de la FIFA sera soumise \u00e0 la Commission de discipline pour examen et d\u00e9cision le 21 avril 2022 \u00bb<\/em>, dit \u00a0un communiqu\u00e9 de l\u2019instance dirigeante du football alg\u00e9rien.<\/p>\n<p>Selon plusieurs observateurs du football, cette requ\u00eate de l\u2019Alg\u00e9rie a peu de chances d\u2019aboutir.<\/p>\n<p><strong>\u00a0\u00a0\u00a0\u00a0\u00a0\u00a0\u00a0\u00a0\u00a0\u00a0\u00a0\u00a0\u00a0\u00a0\u00a0\u00a0\u00a0\u00a0\u00a0\u00a0\u00a0\u00a0\u00a0\u00a0\u00a0\u00a0\u00a0\u00a0\u00a0\u00a0\u00a0\u00a0\u00a0\u00a0\u00a0\u00a0\u00a0\u00a0\u00a0\u00a0\u00a0\u00a0\u00a0\u00a0\u00a0\u00a0\u00a0\u00a0\u00a0\u00a0\u00a0\u00a0\u00a0\u00a0\u00a0\u00a0\u00a0\u00a0\u00a0\u00a0\u00a0\u00a0\u00a0\u00a0\u00a0\u00a0\u00a0\u00a0\u00a0\u00a0\u00a0\u00a0 \u00a0\u00a0\u00a0\u00a0\u00a0\u00a0\u00a0\u00a0\u00a0\u00a0\u00a0\u00a0\u00a0\u00a0\u00a0\u00a0\u00a0\u00a0\u00a0AK<\/strong><\/p>\n<p>L\u2019article <a rel=\"nofollow\" href=\"https:\/\/www.sidwaya.info\/blog\/2022\/04\/07\/algerie-cameroun-la-fifa-repondra-le-21-avril-a-la-plainte-des-fennecs\/\">Alg\u00e9rie\/Cameroun: La FIFA r\u00e9pondra le 21 avril \u00e0 la plainte des Fennecs<\/a> est apparu en premier sur <a rel=\"nofollow\" href=\"https:\/\/www.sidwaya.info\/\">Quotidien Sidwaya<\/a>.<\/p>\n<\/div>\n<p>Auteur: BS. Sidwaya<br \/>\n<a href=\"https:\/\/www.sidwaya.info\/blog\/2022\/04\/07\/algerie-cameroun-la-fifa-repondra-le-21-avril-a-la-plainte-des-fennecs\/?utm_source=rss&#038;utm_medium=rss&#038;utm_campaign=algerie-cameroun-la-fifa-repondra-le-21-avril-a-la-plainte-des-fennecs\">Cliquez ici pour lire l&rsquo;article depuis sa source.<\/a><\/p>\n","protected":false},"excerpt":{"rendered":"<p>Malgr\u00e9 son \u00e9limination de la prochaine coupe du monde face au Cameroun, l\u2019Alg\u00e9rie esp\u00e8re toujours faire rejouer le match apr\u00e8s sa plainte aupr\u00e8s de la FIFA. Les Alg\u00e9riens avaient d\u00e9nonc\u00e9 des erreurs arbitrage contre les Lions indomptables. Selon la F\u00e9d\u00e9ration alg\u00e9rienne de football, la FIFA va se prononcer le 21 avril prochain sur le contentieux. [&hellip;]<\/p>\n","protected":false},"author":1816,"featured_media":0,"comment_status":"closed","ping_status":"closed","sticky":false,"template":"","format":"standard","meta":{"fifu_image_url":"","fifu_image_alt":"","footnotes":""},"categories":[73,81],"tags":[],"class_list":["post-144984","post","type-post","status-publish","format-standard","hentry","category-actualite","category-burkina-faso"],"_links":{"self":[{"href":"https:\/\/linitiative.ca\/International\/wp-json\/wp\/v2\/posts\/144984","targetHints":{"allow":["GET"]}}],"collection":[{"href":"https:\/\/linitiative.ca\/International\/wp-json\/wp\/v2\/posts"}],"about":[{"href":"https:\/\/linitiative.ca\/International\/wp-json\/wp\/v2\/types\/post"}],"author":[{"embeddable":true,"href":"https:\/\/linitiative.ca\/International\/wp-json\/wp\/v2\/users\/1816"}],"replies":[{"embeddable":true,"href":"https:\/\/linitiative.ca\/International\/wp-json\/wp\/v2\/comments?post=144984"}],"version-history":[{"count":0,"href":"https:\/\/linitiative.ca\/International\/wp-json\/wp\/v2\/posts\/144984\/revisions"}],"wp:attachment":[{"href":"https:\/\/linitiative.ca\/International\/wp-json\/wp\/v2\/media?parent=144984"}],"wp:term":[{"taxonomy":"category","embeddable":true,"href":"https:\/\/linitiative.ca\/International\/wp-json\/wp\/v2\/categories?post=144984"},{"taxonomy":"post_tag","embeddable":true,"href":"https:\/\/linitiative.ca\/International\/wp-json\/wp\/v2\/tags?post=144984"}],"curies":[{"name":"wp","href":"https:\/\/api.w.org\/{rel}","templated":true}]}}