{"id":144985,"date":"2022-04-07T13:12:13","date_gmt":"2022-04-07T17:12:13","guid":{"rendered":"https:\/\/linitiative.ca\/International\/cameroun-dementi-le-principal-poignarde-par-son-eleve-nest-pas-mort\/"},"modified":"2022-04-07T13:12:13","modified_gmt":"2022-04-07T17:12:13","slug":"cameroun-dementi-le-principal-poignarde-par-son-eleve-nest-pas-mort","status":"publish","type":"post","link":"https:\/\/linitiative.ca\/International\/cameroun-dementi-le-principal-poignarde-par-son-eleve-nest-pas-mort\/","title":{"rendered":"Cameroun-d\u00e9menti : le principal poignard\u00e9 par son \u00e9l\u00e8ve n\u2019est pas mort"},"content":{"rendered":"<div>\n<p><img decoding=\"async\" width=\"960\" height=\"460\" src=\"https:\/\/linitiative.ca\/International\/wp-content\/uploads\/sites\/23\/2022\/04\/Complexe-scolaire-Yona.jpg\" class=\"attachment-post-thumbnail size-post-thumbnail wp-post-image\" alt=\"Le principal du coll\u00e8ge Yona poignard\u00e9 n\u2019est pas mort\" loading=\"lazy\" srcset=\"https:\/\/linitiative.ca\/International\/wp-content\/uploads\/sites\/23\/2022\/04\/Complexe-scolaire-Yona.jpg 960w, https:\/\/www.journalducameroun.com\/wp-content\/uploads\/2022\/04\/Complexe-scolaire-Yona-300x144.jpg 300w, https:\/\/www.journalducameroun.com\/wp-content\/uploads\/2022\/04\/Complexe-scolaire-Yona-768x368.jpg 768w, https:\/\/www.journalducameroun.com\/wp-content\/uploads\/2022\/04\/Complexe-scolaire-Yona-918x440.jpg 918w, https:\/\/www.journalducameroun.com\/wp-content\/uploads\/2022\/04\/Complexe-scolaire-Yona-600x288.jpg 600w\" sizes=\"auto, (max-width: 960px) 100vw, 960px\"><\/p>\n<h2 style=\"text-align: justify;\">Le chef du Complexe scolaire Yona est vivant, il se trouve en soins intensifs \u00e0 l\u2019h\u00f4pital Central de Yaound\u00e9.<\/h2>\n<p style=\"text-align: justify;\">\n<p style=\"text-align: justify;\">\n<p style=\"text-align: justify;\">\n<p style=\"text-align: justify;\">\n<p style=\"text-align: justify;\">Bien qu\u2019ayant re\u00e7u des coups de poignard\u00a0 d\u2019un \u00e9l\u00e8ve dit absent\u00e9iste et r\u00e9calcitrant, <strong>le principal<\/strong> du <strong>Complexe scolaire Yona<\/strong> situ\u00e9 au quartier Nkolbisson \u00e0 Yaound\u00e9 est vivant. Des rumeurs sur les r\u00e9seaux sociaux et certaines sources m\u00e9diatiques ont pr\u00e9cipit\u00e9 son d\u00e9c\u00e8s mardi 06 avril dans la nuit, mais il n\u2019en est rien. Le chef d\u2019\u00e9tablissement est en soins intensifs \u00e0 l\u2019H\u00f4pital central de Yaound\u00e9, il r\u00e9agit de fa\u00e7on positive au traitement.<\/p>\n<p style=\"text-align: justify;\">Ce jeudi 07 avril 2022 au lendemain de l\u2019incident, le ministre des Enseignements secondaires lui a rendu\u00a0 visite dans la formation sanitaire o\u00f9 il est pris en charge. <strong>Pauline Nalova Lyonga<\/strong> a \u00e9galement fait une descente dans l\u2019\u00e9tablissement scolaire th\u00e9\u00e2tre de la violence. Selon les informations relay\u00e9es par le Poste national de la Crtv, le ministre a constat\u00e9 lors de sa visite que l\u2019\u00e9tablissement scolaire ne r\u00e9pondait pas aux normes. Du coup, son sort est en observation.<\/p>\n<p style=\"text-align: justify;\">Ag\u00e9 de 19 ans, l\u2019\u00e9l\u00e8ve a poignard\u00e9 son enseignant mercredi 06 avril 2022 en raison d\u2019un blouson confisqu\u00e9 par l\u2019administration lors d\u2019un rassemblement le 05 avril 2022. Le jeune gar\u00e7on est reconnu pour sa d\u00e9linquance. Sous l\u2019effet de la drogue et d\u2019autres stup\u00e9fiants, il aurait \u00e9chapp\u00e9 \u00e0 l\u2019\u00e9ducation parentale. Ce dernier n\u2019a pas r\u00e9pondu aux multiples convocations adress\u00e9es par l\u2019\u00e9tablissement au vu du comportement qu\u2019affiche son enfant. Aux derni\u00e8res nouvelles, le bourreau est en garde \u00e0 vue \u00e0 la brigade de gendarmerie de Nkolbisson.<\/p>\n<p>Cet article <a rel=\"nofollow\" href=\"https:\/\/www.journalducameroun.com\/cameroun-dementi-le-principal-poignarde-par-son-eleve-nest-pas-mort\/\">Cameroun-d\u00e9menti : le principal poignard\u00e9 par son \u00e9l\u00e8ve n\u2019est pas mort<\/a> est apparu en premier sur <a rel=\"nofollow\" href=\"https:\/\/www.journalducameroun.com\/\">Journal du Cameroun<\/a>.<\/p>\n<\/div>\n<p>Auteur: Arnaud MAWEL<br \/>\n<a href=\"https:\/\/www.journalducameroun.com\/cameroun-dementi-le-principal-poignarde-par-son-eleve-nest-pas-mort\/\">Cliquez ici pour lire l&rsquo;article depuis sa source.<\/a><\/p>\n","protected":false},"excerpt":{"rendered":"<p>Le chef du Complexe scolaire Yona est vivant, il se trouve en soins intensifs \u00e0 l\u2019h\u00f4pital Central de Yaound\u00e9. Bien qu\u2019ayant re\u00e7u des coups de poignard\u00a0 d\u2019un \u00e9l\u00e8ve dit absent\u00e9iste et r\u00e9calcitrant, le principal du Complexe scolaire Yona situ\u00e9 au quartier Nkolbisson \u00e0 Yaound\u00e9 est vivant. Des rumeurs sur les r\u00e9seaux sociaux et certaines sources [&hellip;]<\/p>\n","protected":false},"author":1965,"featured_media":0,"comment_status":"closed","ping_status":"closed","sticky":false,"template":"","format":"standard","meta":{"fifu_image_url":"https:\/\/www.journalducameroun.com\/wp-content\/uploads\/2022\/04\/Complexe-scolaire-Yona.jpg","fifu_image_alt":"Cameroun-d\u00e9menti : le principal poignard\u00e9 par son \u00e9l\u00e8ve n\u2019est pas mort","footnotes":""},"categories":[73,82],"tags":[],"class_list":["post-144985","post","type-post","status-publish","format-standard","hentry","category-actualite","category-cameroun"],"_links":{"self":[{"href":"https:\/\/linitiative.ca\/International\/wp-json\/wp\/v2\/posts\/144985","targetHints":{"allow":["GET"]}}],"collection":[{"href":"https:\/\/linitiative.ca\/International\/wp-json\/wp\/v2\/posts"}],"about":[{"href":"https:\/\/linitiative.ca\/International\/wp-json\/wp\/v2\/types\/post"}],"author":[{"embeddable":true,"href":"https:\/\/linitiative.ca\/International\/wp-json\/wp\/v2\/users\/1965"}],"replies":[{"embeddable":true,"href":"https:\/\/linitiative.ca\/International\/wp-json\/wp\/v2\/comments?post=144985"}],"version-history":[{"count":0,"href":"https:\/\/linitiative.ca\/International\/wp-json\/wp\/v2\/posts\/144985\/revisions"}],"wp:attachment":[{"href":"https:\/\/linitiative.ca\/International\/wp-json\/wp\/v2\/media?parent=144985"}],"wp:term":[{"taxonomy":"category","embeddable":true,"href":"https:\/\/linitiative.ca\/International\/wp-json\/wp\/v2\/categories?post=144985"},{"taxonomy":"post_tag","embeddable":true,"href":"https:\/\/linitiative.ca\/International\/wp-json\/wp\/v2\/tags?post=144985"}],"curies":[{"name":"wp","href":"https:\/\/api.w.org\/{rel}","templated":true}]}}