{"id":144989,"date":"2022-04-07T13:18:04","date_gmt":"2022-04-07T17:18:04","guid":{"rendered":"https:\/\/linitiative.ca\/International\/alliance-sahel-23-milliards-deuros-dengagements-financiers\/"},"modified":"2022-04-07T13:18:04","modified_gmt":"2022-04-07T17:18:04","slug":"alliance-sahel-23-milliards-deuros-dengagements-financiers","status":"publish","type":"post","link":"https:\/\/linitiative.ca\/International\/alliance-sahel-23-milliards-deuros-dengagements-financiers\/","title":{"rendered":"Alliance Sahel: 23 milliards d\u2019euros d\u2019engagements financiers"},"content":{"rendered":"<div>\n<p><img decoding=\"async\" width=\"393\" height=\"128\" src=\"https:\/\/linitiative.ca\/International\/wp-content\/uploads\/sites\/23\/2022\/04\/16493518849799.jpg\" class=\"attachment-post-thumbnail size-post-thumbnail wp-post-image\" alt=\"\" loading=\"lazy\" srcset=\"https:\/\/linitiative.ca\/International\/wp-content\/uploads\/sites\/23\/2022\/04\/16493518849799.jpg 393w, https:\/\/www.journalducameroun.com\/wp-content\/uploads\/2022\/04\/16493518849799-300x98.jpg 300w\" sizes=\"auto, (max-width: 393px) 100vw, 393px\"><\/p>\n<p>Les membres de l&rsquo;Alliance Sahel r\u00e9affirment leur engagement aux c\u00f4t\u00e9s des populations.Dans un contexte d&rsquo;instabilit\u00e9 et d&rsquo;ins\u00e9curit\u00e9 croissantes, l&rsquo;Alliance Sahel veut maintenir et adapter le soutien au b\u00e9n\u00e9fice des populations pour ne pas compromettre les gains obtenus en termes de d\u00e9veloppement. Ainsi, depuis son lancement en 2017, les engagements financiers en sa faveur sont pass\u00e9s de 7,3 \u00e0 23 milliards d&rsquo;euros.<\/p>\n<p>\u00ab La pr\u00e9sence de l&rsquo;\u00c9tat et la fourniture des services essentiels dans tous les territoires des pays du G5 Sahel (Burkina Faso, Mali, Mauritanie, Niger, Tchad), la restauration de la coh\u00e9sion sociale et de la confiance des citoyens dans leurs institutions publiques, demeurent une priorit\u00e9 absolue\u00a0\u00bb, rapporte le compte rendu de la 3e Assembl\u00e9e g\u00e9n\u00e9rale de l&rsquo;Alliance Sahel tenue le 4 avril dernier \u00e0 Madrid (Espagne).<\/p>\n<p>En juillet 2017, la France, l&rsquo;Allemagne et l&rsquo;Union Europ\u00e9enne, accompagn\u00e9es de la Banque mondiale, de la Banque africaine de d\u00e9veloppement et du Programme des Nations Unies pour le d\u00e9veloppement lancent l&rsquo;Alliance Sahel, une plate-forme de coop\u00e9ration internationale pour intervenir davantage et mieux au Sahel. Depuis son lancement, l&rsquo;Italie, l&rsquo;Espagne, le Royaume-Uni, le Luxembourg, les Pays-Bas, le Danemark, la Banque Europ\u00e9enne d&rsquo;Investissements, la Norv\u00e8ge et la Su\u00e8de ont rejoint l&rsquo;initiative comme membres de plein exercice.<\/p>\n<p>Dans leur intervention, les membres de l&rsquo;Alliance Sahel se sont fortement mobilis\u00e9s pour la mise en \u0153uvre du Programme de d\u00e9veloppement d&rsquo;urgence (PDU) du G5 Sahel, qui cible les r\u00e9gions fragiles frontali\u00e8res.<\/p>\n<p>\u00ab Le PDU a montr\u00e9 des impacts rapides et tangibles : 1 080 000 b\u00e9n\u00e9ficiaires ont d&rsquo;ores et d\u00e9j\u00e0 eu un acc\u00e8s am\u00e9lior\u00e9 \u00e0 l&rsquo;eau ; 125 000 personnes ont b\u00e9n\u00e9fici\u00e9 d&rsquo;une assistance alimentaire ; 1 572 structures contribuant \u00e0 la pr\u00e9vention des conflits et \u00e0 la coh\u00e9sion sociale ont \u00e9t\u00e9 cr\u00e9\u00e9es et 414 000 personnes ont \u00e9t\u00e9 form\u00e9es au dialogue, \u00e0 la gestion et \u00e0 la m\u00e9diation des conflits\u00a0\u00bb, poursuit le communiqu\u00e9 de l&rsquo;AG.<\/p>\n<p>\u00ab Les efforts collectifs et la n\u00e9cessit\u00e9 d&rsquo;une coordination entre l&rsquo;humanitaire, le d\u00e9veloppement et la paix pour relever les d\u00e9fis de la r\u00e9gion ne sauraient \u00eatre surestim\u00e9s\u00a0\u00bb, a dit pour sa part, Yero Baldeh, directeur du Bureau de coordination des \u00c9tats en transition au sein du Groupe de la Banque africaine de d\u00e9veloppement (Bad).<\/p>\n<p>Au Sahel, pr\u00e8s de 2,5 millions de personnes ont fui leur foyer au cours de la derni\u00e8re d\u00e9cennie. Environ 6,7 millions de personnes ont besoin d&rsquo;assistance alimentaire en urgence, un chiffre qui pourrait atteindre 10,5 millions de personnes si des mesures urgentes ne sont pas prises.<\/p>\n<p>\u00c0 cette situation d\u00e9j\u00e0 critique s&rsquo;ajoute l&rsquo;impact sans pr\u00e9c\u00e9dent de la guerre en Ukraine sur le march\u00e9 mondial des c\u00e9r\u00e9ales et des fertilisants pour l&rsquo;approvisionnement des pays et l&rsquo;assistance destin\u00e9e aux populations souffrant d&rsquo;ins\u00e9curit\u00e9 alimentaire. La pand\u00e9mie de Covid-19 a \u00e9galmement amplifi\u00e9 les fragilit\u00e9s \u00e9conomiques, sanitaires et nutritionnelles auxquelles \u00e9taient d\u00e9j\u00e0 confront\u00e9es les populations.<\/p>\n<p>\u00ab Face \u00e0 cette situation, il faut comprendre que si nous, pays sah\u00e9liens, sommes responsables de l&rsquo;avenir de nos \u00c9tats en tant que dirigeants, nous restons d\u00e9pendants de l&rsquo;environnement politique, \u00e9conomique et financier international, sur lequel nous avons peu de prise. Aussi, la situation s\u00e9curitaire dans nos pays, nous rappelle l&rsquo;urgence du d\u00e9veloppement et notre responsabilit\u00e9 particuli\u00e8re en la mati\u00e8re\u00a0\u00bb, a soulign\u00e9 Mahamat Hamid Koua, pr\u00e9sident du Conseil des ministres du G5 Sahel.<\/p>\n<p>Cet article <a rel=\"nofollow\" href=\"https:\/\/www.journalducameroun.com\/alliance-sahel-23-milliards-deuros-dengagements-financiers\/\">Alliance Sahel: 23 milliards d\u2019euros d\u2019engagements financiers<\/a> est apparu en premier sur <a rel=\"nofollow\" href=\"https:\/\/www.journalducameroun.com\/\">Journal du Cameroun<\/a>.<\/p>\n<\/div>\n<p>Auteur: APA News<br \/>\n<a href=\"https:\/\/www.journalducameroun.com\/alliance-sahel-23-milliards-deuros-dengagements-financiers\/\">Cliquez ici pour lire l&rsquo;article depuis sa source.<\/a><\/p>\n","protected":false},"excerpt":{"rendered":"<p>Les membres de l&rsquo;Alliance Sahel r\u00e9affirment leur engagement aux c\u00f4t\u00e9s des populations.Dans un contexte d&rsquo;instabilit\u00e9 et d&rsquo;ins\u00e9curit\u00e9 croissantes, l&rsquo;Alliance Sahel veut maintenir et adapter le soutien au b\u00e9n\u00e9fice des populations pour ne pas compromettre les gains obtenus en termes de d\u00e9veloppement. Ainsi, depuis son lancement en 2017, les engagements financiers en sa faveur sont pass\u00e9s [&hellip;]<\/p>\n","protected":false},"author":1965,"featured_media":0,"comment_status":"closed","ping_status":"closed","sticky":false,"template":"","format":"standard","meta":{"fifu_image_url":"https:\/\/www.journalducameroun.com\/wp-content\/uploads\/2022\/04\/16493518849799.jpg","fifu_image_alt":"Alliance Sahel: 23 milliards d\u2019euros d\u2019engagements financiers","footnotes":""},"categories":[73,82],"tags":[],"class_list":["post-144989","post","type-post","status-publish","format-standard","hentry","category-actualite","category-cameroun"],"_links":{"self":[{"href":"https:\/\/linitiative.ca\/International\/wp-json\/wp\/v2\/posts\/144989","targetHints":{"allow":["GET"]}}],"collection":[{"href":"https:\/\/linitiative.ca\/International\/wp-json\/wp\/v2\/posts"}],"about":[{"href":"https:\/\/linitiative.ca\/International\/wp-json\/wp\/v2\/types\/post"}],"author":[{"embeddable":true,"href":"https:\/\/linitiative.ca\/International\/wp-json\/wp\/v2\/users\/1965"}],"replies":[{"embeddable":true,"href":"https:\/\/linitiative.ca\/International\/wp-json\/wp\/v2\/comments?post=144989"}],"version-history":[{"count":0,"href":"https:\/\/linitiative.ca\/International\/wp-json\/wp\/v2\/posts\/144989\/revisions"}],"wp:attachment":[{"href":"https:\/\/linitiative.ca\/International\/wp-json\/wp\/v2\/media?parent=144989"}],"wp:term":[{"taxonomy":"category","embeddable":true,"href":"https:\/\/linitiative.ca\/International\/wp-json\/wp\/v2\/categories?post=144989"},{"taxonomy":"post_tag","embeddable":true,"href":"https:\/\/linitiative.ca\/International\/wp-json\/wp\/v2\/tags?post=144989"}],"curies":[{"name":"wp","href":"https:\/\/api.w.org\/{rel}","templated":true}]}}