{"id":144991,"date":"2022-04-07T14:18:03","date_gmt":"2022-04-07T18:18:03","guid":{"rendered":"https:\/\/linitiative.ca\/International\/senegal-le-dakart-2022-sous-le-sceau-dun-faisceau-dinnovations\/"},"modified":"2022-04-07T14:18:03","modified_gmt":"2022-04-07T18:18:03","slug":"senegal-le-dakart-2022-sous-le-sceau-dun-faisceau-dinnovations","status":"publish","type":"post","link":"https:\/\/linitiative.ca\/International\/senegal-le-dakart-2022-sous-le-sceau-dun-faisceau-dinnovations\/","title":{"rendered":"S\u00e9n\u00e9gal: le Dak\u2019Art 2022 sous le sceau d\u2019un faisceau d\u2019innovations"},"content":{"rendered":"<div>\n<p><img decoding=\"async\" width=\"400\" height=\"250\" src=\"https:\/\/linitiative.ca\/International\/wp-content\/uploads\/sites\/23\/2022\/04\/16493554836634.jpg\" class=\"attachment-post-thumbnail size-post-thumbnail wp-post-image\" alt=\"\" loading=\"lazy\" srcset=\"https:\/\/linitiative.ca\/International\/wp-content\/uploads\/sites\/23\/2022\/04\/16493554836634.jpg 400w, https:\/\/www.journalducameroun.com\/wp-content\/uploads\/2022\/04\/16493554836634-300x188.jpg 300w\" sizes=\"auto, (max-width: 400px) 100vw, 400px\"><\/p>\n<p>La 14e \u00e9dition de la Biennale de l&rsquo;Art africain contemporain de Dakar (Dak&rsquo;Art 2022) s&rsquo;ouvre \u00e0 des projets sp\u00e9ciaux in\u00e9dits et autres surprenantes cartes blanches.Le Dak&rsquo;Art fait son grand retour apr\u00e8s deux ans de suspension pour cause de Covid-19. Du 19 mai au 21 juin 2022, les amoureux de l&rsquo;art admireront les cr\u00e9ations de cinquante-neuf artistes dont 4 collectifs, venant de vingt-huit pays du monde, dont 16 africains et 12 de la diaspora.<\/p>\n<p>Sans pour autant rompre avec sa dynamique inclusive et holistique, cette 14e \u00e9dition apporte des innovations et garde en rep\u00e8re tous les acquis des pr\u00e9c\u00e9dentes \u00e9ditions. Plac\u00e9e sous le th\u00e8me \u00ab \u0128 NDAFFA # &#8211; Forger &#8211; Out of the fire \u00bb, elle se d\u00e9cline en une programmation diversifi\u00e9e et inclusive et renforce.<\/p>\n<p>Ainsi, sur le site de l&rsquo;ancien Palais de justice de Dakar, l&rsquo;exposition internationale mettra en lumi\u00e8re la cr\u00e9ativit\u00e9 de 59 artistes visuels et collectifs. En son sein, une exposition rendra hommage au grand ma\u00eetre malien, Abdoulaye Konat\u00e9, grand prix L\u00e9opold S\u00e9dar Senghor de l&rsquo;\u00e9dition 1996 de la Biennale.<\/p>\n<p>En plus des projets sp\u00e9ciaux, cette \u00e9dition de la Biennale de Dakar donne Carte blanche \u00e0 deux initiatives. L&rsquo;une est port\u00e9e par l&rsquo;artiste Soly Ciss\u00e9 \u00e0 la Galerie nationale d&rsquo;Art et l&rsquo;autre par les Manufactures des Arts d\u00e9coratifs de Thi\u00e8s (MSAD).<\/p>\n<p>Par ailleurs, le projet \u00ab Doxaantu\u00a0\u00bb (la promenade en wolof), propos\u00e9 par le Directeur Artistique, Dr El Hadji Malick Ndiaye, compte remobiliser le public et repousser les limites pour que la Biennale se d\u00e9couvre partout dans l&rsquo;espace urbain dakarois.<\/p>\n<p>Cette ann\u00e9e, le Village connect\u00e9 de la biennale sera install\u00e9 \u00e0 l&rsquo;ancien Palais de justice. Il servira d&rsquo;espace de valorisation du patrimoine artistique, du savoir-faire culinaire et des d\u00e9couvertes musicales.<\/p>\n<p>C&rsquo;est dans ce sillage que se situe le programme Synapses. Il con\u00e7oit la ville de Dakar comme un cerveau avec ses diff\u00e9rentes connexions reli\u00e9es par un ensemble de projets pluridisciplinaires qui ouvrent la biennale \u00e0 d&rsquo;autres supports artistiques (cultures urbaines, mapping, cin\u00e9ma, danse, etc.).<\/p>\n<p>Les Programmes p\u00e9dagogiques et visites scolaires viendront enrichir ce chapelet d&rsquo;innovations. Ce volet accorde une place \u00e0 l&rsquo;appr\u00e9hension des productions artistiques par le jeune public \u00e0 travers des collaborations avec les \u00e9coles et les universit\u00e9s.<\/p>\n<p>La c\u00e9r\u00e9monie d&rsquo;ouverture proposera un contenu sp\u00e9cifique qui articule les prouesses des outils num\u00e9riques et les performances d&rsquo;artistes.<\/p>\n<p>Les arts vivants, l&rsquo;art num\u00e9rique et la litt\u00e9rature seront \u00e9galement au c\u0153ur de l&rsquo;\u00e9v\u00e9nement avec des programmes pr\u00e9vus autour de \u00ab performances \u00bb d&rsquo;artistes des cultures urbaines, de danse contemporaine, et l&rsquo;utilisation des technologies num\u00e9riques pour des \u00ab mapping \u00bb et des concerts avec des artistes de renom pour rehausser l&rsquo;animation.<\/p>\n<p>La Biennale de Dakar, c&rsquo;est \u00e9galement les manifestations d&rsquo;environnement \u00ab Off\u00a0\u00bb qui capitalisent en moyenne trois cent cinquante (350) projets, avec une diversit\u00e9 de propositions artistiques \u00e0 travers tout le S\u00e9n\u00e9gal, en relation avec les Centres culturels r\u00e9gionaux et dans la Diaspora.<\/p>\n<p>Pour cette 14\u00e8me \u00e9dition, les Rencontres et \u00c9changes sont scind\u00e9es en deux volets : un colloque scientifique est pr\u00e9vu au Mus\u00e9e des civilisations noires (MCN) et les Rencontres professionnelles se tiennent au Monument de la renaissance africaine avec un March\u00e9 de l&rsquo;Art qui va positionner Dakar dans les secteurs des industries cr\u00e9atives africaine et internationale.<\/p>\n<p>Les expositions des pays invit\u00e9s, commun\u00e9ment appel\u00e9es Pavillons nationaux, regroupent celles du S\u00e9n\u00e9gal et de deux pays mis \u00e0 l&rsquo;honneur, \u00e0 savoir La R\u00e9publique populaire de Chine et la R\u00e9publique de C\u00f4te d&rsquo;Ivoire.<\/p>\n<p>Cet article <a rel=\"nofollow\" href=\"https:\/\/www.journalducameroun.com\/senegal-le-dakart-2022-sous-le-sceau-dun-faisceau-dinnovations\/\">S\u00e9n\u00e9gal: le Dak\u2019Art 2022 sous le sceau d\u2019un faisceau d\u2019innovations<\/a> est apparu en premier sur <a rel=\"nofollow\" href=\"https:\/\/www.journalducameroun.com\/\">Journal du Cameroun<\/a>.<\/p>\n<\/div>\n<p>Auteur: APA News<br \/>\n<a href=\"https:\/\/www.journalducameroun.com\/senegal-le-dakart-2022-sous-le-sceau-dun-faisceau-dinnovations\/\">Cliquez ici pour lire l&rsquo;article depuis sa source.<\/a><\/p>\n","protected":false},"excerpt":{"rendered":"<p>La 14e \u00e9dition de la Biennale de l&rsquo;Art africain contemporain de Dakar (Dak&rsquo;Art 2022) s&rsquo;ouvre \u00e0 des projets sp\u00e9ciaux in\u00e9dits et autres surprenantes cartes blanches.Le Dak&rsquo;Art fait son grand retour apr\u00e8s deux ans de suspension pour cause de Covid-19. Du 19 mai au 21 juin 2022, les amoureux de l&rsquo;art admireront les cr\u00e9ations de cinquante-neuf [&hellip;]<\/p>\n","protected":false},"author":1965,"featured_media":0,"comment_status":"closed","ping_status":"closed","sticky":false,"template":"","format":"standard","meta":{"fifu_image_url":"https:\/\/www.journalducameroun.com\/wp-content\/uploads\/2022\/04\/16493554836634.jpg","fifu_image_alt":"S\u00e9n\u00e9gal: le Dak\u2019Art 2022 sous le sceau d\u2019un faisceau d\u2019innovations","footnotes":""},"categories":[73,82],"tags":[],"class_list":["post-144991","post","type-post","status-publish","format-standard","hentry","category-actualite","category-cameroun"],"_links":{"self":[{"href":"https:\/\/linitiative.ca\/International\/wp-json\/wp\/v2\/posts\/144991","targetHints":{"allow":["GET"]}}],"collection":[{"href":"https:\/\/linitiative.ca\/International\/wp-json\/wp\/v2\/posts"}],"about":[{"href":"https:\/\/linitiative.ca\/International\/wp-json\/wp\/v2\/types\/post"}],"author":[{"embeddable":true,"href":"https:\/\/linitiative.ca\/International\/wp-json\/wp\/v2\/users\/1965"}],"replies":[{"embeddable":true,"href":"https:\/\/linitiative.ca\/International\/wp-json\/wp\/v2\/comments?post=144991"}],"version-history":[{"count":0,"href":"https:\/\/linitiative.ca\/International\/wp-json\/wp\/v2\/posts\/144991\/revisions"}],"wp:attachment":[{"href":"https:\/\/linitiative.ca\/International\/wp-json\/wp\/v2\/media?parent=144991"}],"wp:term":[{"taxonomy":"category","embeddable":true,"href":"https:\/\/linitiative.ca\/International\/wp-json\/wp\/v2\/categories?post=144991"},{"taxonomy":"post_tag","embeddable":true,"href":"https:\/\/linitiative.ca\/International\/wp-json\/wp\/v2\/tags?post=144991"}],"curies":[{"name":"wp","href":"https:\/\/api.w.org\/{rel}","templated":true}]}}