{"id":144993,"date":"2022-04-07T17:18:03","date_gmt":"2022-04-07T21:18:03","guid":{"rendered":"https:\/\/linitiative.ca\/International\/le-maroc-et-lespagne-reiterent-la-volonte-douvrir-une-nouvelle-etape-dans-les-relations-bilaterales\/"},"modified":"2022-04-07T17:18:03","modified_gmt":"2022-04-07T21:18:03","slug":"le-maroc-et-lespagne-reiterent-la-volonte-douvrir-une-nouvelle-etape-dans-les-relations-bilaterales","status":"publish","type":"post","link":"https:\/\/linitiative.ca\/International\/le-maroc-et-lespagne-reiterent-la-volonte-douvrir-une-nouvelle-etape-dans-les-relations-bilaterales\/","title":{"rendered":"Le Maroc et l\u2019Espagne r\u00e9it\u00e8rent la volont\u00e9 d\u2019ouvrir une nouvelle \u00e9tape dans les relations bilat\u00e9rales"},"content":{"rendered":"<div>\n<p><img decoding=\"async\" width=\"962\" height=\"592\" src=\"https:\/\/linitiative.ca\/International\/wp-content\/uploads\/sites\/23\/2022\/04\/16493662834294.jpg\" class=\"attachment-post-thumbnail size-post-thumbnail wp-post-image\" alt=\"\" loading=\"lazy\" srcset=\"https:\/\/linitiative.ca\/International\/wp-content\/uploads\/sites\/23\/2022\/04\/16493662834294.jpg 962w, https:\/\/www.journalducameroun.com\/wp-content\/uploads\/2022\/04\/16493662834294-300x185.jpg 300w, https:\/\/www.journalducameroun.com\/wp-content\/uploads\/2022\/04\/16493662834294-768x473.jpg 768w, https:\/\/www.journalducameroun.com\/wp-content\/uploads\/2022\/04\/16493662834294-715x440.jpg 715w, https:\/\/www.journalducameroun.com\/wp-content\/uploads\/2022\/04\/16493662834294-600x369.jpg 600w\" sizes=\"auto, (max-width: 962px) 100vw, 962px\"><\/p>\n<p>Le Roi Mohammed VI a re\u00e7u, jeudi \u00e0 Rabat, le pr\u00e9sident du gouvernement Pedro Sanchez qui effectue, une visite au Maroc dans le cadre d&rsquo;une nouvelle \u00e9tape dans les relations maroco-espagnoles.Maroc-Espagne<\/p>\n<p>Cette audience, qui s&rsquo;inscrit dans le prolongement de l&rsquo;entretien t\u00e9l\u00e9phonique intervenu le 31 mars entre le roi Mohammed VI et le Pr\u00e9sident du gouvernement espagnol, vient en concr\u00e9tisation de la lettre adress\u00e9e le 14 mars par Pedro Sanchez au souverain dans laquelle le gouvernement espagnol s&rsquo;engage \u00e0 inaugurer une nouvelle phase dans les relations entre les deux Royaumes, bas\u00e9e sur la transparence et le respect mutuel.<\/p>\n<p>Cette nouvelle dynamique se veut un \u00e9cho \u00e0 l&rsquo;appel lanc\u00e9 par le souverain, dans son discours du 20 ao\u00fbt 2021, \u00e0 inaugurer une \u00e9tape in\u00e9dite dans les relations entre les deux pays. Au cours de cette audience, Pedro Sanchez a tenu \u00e0 r\u00e9affirmer la position de l&rsquo;Espagne sur le dossier du Sahara, consid\u00e9rant l&rsquo;initiative marocaine d&rsquo;autonomie comme la base la plus s\u00e9rieuse, r\u00e9aliste et cr\u00e9dible pour la r\u00e9solution du diff\u00e9rend.<\/p>\n<p>A cette occasion, le Roi et le Pr\u00e9sident du gouvernement espagnol ont r\u00e9it\u00e9r\u00e9 la volont\u00e9 d&rsquo;ouvrir une nouvelle \u00e9tape dans les relations entre les deux pays, fond\u00e9e sur le respect mutuel, la confiance r\u00e9ciproque, la concertation permanente et la coop\u00e9ration franche et loyale.<\/p>\n<p>\u00c0 cet \u00e9gard, il a \u00e9t\u00e9 notamment convenu la mise en \u0153uvre d&rsquo;actions concr\u00e8tes dans le cadre d&rsquo;une feuille de route couvrant l&rsquo;ensemble des domaines du partenariat, int\u00e9grant toutes les questions d&rsquo;int\u00e9r\u00eat commun.<\/p>\n<p>Par ailleurs, l&rsquo;audience accord\u00e9e au Chef de l&rsquo;ex\u00e9cutif espagnol a \u00e9t\u00e9 l&rsquo;occasion de passer en revue les diff\u00e9rents volets d&rsquo;int\u00e9r\u00eat commun dans leurs composantes politique, \u00e9conomique, s\u00e9curitaire et culturelle. Les questions r\u00e9gionales et internationales ont \u00e9galement \u00e9t\u00e9 au menu de ces entretiens.<\/p>\n<p>Cet article <a rel=\"nofollow\" href=\"https:\/\/www.journalducameroun.com\/le-maroc-et-lespagne-reiterent-la-volonte-douvrir-une-nouvelle-etape-dans-les-relations-bilaterales\/\">Le Maroc et l\u2019Espagne r\u00e9it\u00e8rent la volont\u00e9 d\u2019ouvrir une nouvelle \u00e9tape dans les relations bilat\u00e9rales<\/a> est apparu en premier sur <a rel=\"nofollow\" href=\"https:\/\/www.journalducameroun.com\/\">Journal du Cameroun<\/a>.<\/p>\n<\/div>\n<p>Auteur: APA News<br \/>\n<a href=\"https:\/\/www.journalducameroun.com\/le-maroc-et-lespagne-reiterent-la-volonte-douvrir-une-nouvelle-etape-dans-les-relations-bilaterales\/\">Cliquez ici pour lire l&rsquo;article depuis sa source.<\/a><\/p>\n","protected":false},"excerpt":{"rendered":"<p>Le Roi Mohammed VI a re\u00e7u, jeudi \u00e0 Rabat, le pr\u00e9sident du gouvernement Pedro Sanchez qui effectue, une visite au Maroc dans le cadre d&rsquo;une nouvelle \u00e9tape dans les relations maroco-espagnoles.Maroc-Espagne Cette audience, qui s&rsquo;inscrit dans le prolongement de l&rsquo;entretien t\u00e9l\u00e9phonique intervenu le 31 mars entre le roi Mohammed VI et le Pr\u00e9sident du gouvernement [&hellip;]<\/p>\n","protected":false},"author":1965,"featured_media":0,"comment_status":"closed","ping_status":"closed","sticky":false,"template":"","format":"standard","meta":{"fifu_image_url":"https:\/\/www.journalducameroun.com\/wp-content\/uploads\/2022\/04\/16493662834294.jpg","fifu_image_alt":"Le Maroc et l\u2019Espagne r\u00e9it\u00e8rent la volont\u00e9 d\u2019ouvrir une nouvelle \u00e9tape dans les relations bilat\u00e9rales","footnotes":""},"categories":[73,82],"tags":[],"class_list":["post-144993","post","type-post","status-publish","format-standard","hentry","category-actualite","category-cameroun"],"_links":{"self":[{"href":"https:\/\/linitiative.ca\/International\/wp-json\/wp\/v2\/posts\/144993","targetHints":{"allow":["GET"]}}],"collection":[{"href":"https:\/\/linitiative.ca\/International\/wp-json\/wp\/v2\/posts"}],"about":[{"href":"https:\/\/linitiative.ca\/International\/wp-json\/wp\/v2\/types\/post"}],"author":[{"embeddable":true,"href":"https:\/\/linitiative.ca\/International\/wp-json\/wp\/v2\/users\/1965"}],"replies":[{"embeddable":true,"href":"https:\/\/linitiative.ca\/International\/wp-json\/wp\/v2\/comments?post=144993"}],"version-history":[{"count":0,"href":"https:\/\/linitiative.ca\/International\/wp-json\/wp\/v2\/posts\/144993\/revisions"}],"wp:attachment":[{"href":"https:\/\/linitiative.ca\/International\/wp-json\/wp\/v2\/media?parent=144993"}],"wp:term":[{"taxonomy":"category","embeddable":true,"href":"https:\/\/linitiative.ca\/International\/wp-json\/wp\/v2\/categories?post=144993"},{"taxonomy":"post_tag","embeddable":true,"href":"https:\/\/linitiative.ca\/International\/wp-json\/wp\/v2\/tags?post=144993"}],"curies":[{"name":"wp","href":"https:\/\/api.w.org\/{rel}","templated":true}]}}