{"id":144997,"date":"2022-04-07T10:22:33","date_gmt":"2022-04-07T14:22:33","guid":{"rendered":"https:\/\/linitiative.ca\/International\/financement-de-lagriculture-une-societe-de-refinancement-en-gestation-en-attendant-la-banque-agricole\/"},"modified":"2022-04-07T10:22:33","modified_gmt":"2022-04-07T14:22:33","slug":"financement-de-lagriculture-une-societe-de-refinancement-en-gestation-en-attendant-la-banque-agricole","status":"publish","type":"post","link":"https:\/\/linitiative.ca\/International\/financement-de-lagriculture-une-societe-de-refinancement-en-gestation-en-attendant-la-banque-agricole\/","title":{"rendered":"Financement de l\u2019agriculture\u00a0: une soci\u00e9t\u00e9 de refinancement en gestation en attendant la Banque agricole"},"content":{"rendered":"<div>\n<p>Le secteur agricole au Cameroun fait face \u00e0 de nombreuses difficult\u00e9s. D\u2019apr\u00e8sle ministre de l\u2019Agriculture et du d\u00e9veloppement rural, Gabriel Mba\u00efrobe, les plus pr\u00e9gnantes sont l\u2019acc\u00e8s difficile aux zones de production et aux intrants de qualit\u00e9. Mais \u00e9galement et surtout, l\u2019insuffisance des moyens financiers, entendez, l\u2019acc\u00e8s aux cr\u00e9dits bancaires. Pour pallier cette\u00a0carence en moyens financiers, le gouvernement r\u00e9fl\u00e9chit depuis des ann\u00e9es \u00e0 la cr\u00e9ation d\u2019une institution bancaire nationale dot\u00e9e d\u2019un capital cons\u00e9quent exclusivement d\u00e9di\u00e9 au financement des projets agricoles. D\u2019apr\u00e8s le Minader, le projet est sur le point de se concr\u00e9tiser. \u00ab Nous essayons avec le minist\u00e8re des finances de mettre en place une soci\u00e9t\u00e9 de refinancement des \u00e9tablissements de microfinance\u00a0qui pour nous sont nos bras s\u00e9culiers sur le terrain pour financer les exploitations et les petites coop\u00e9ratives\u00bb, indique le membre du gouvernement. Concr\u00e8tement, la soci\u00e9t\u00e9 de refinancement des \u00e9tablissements de microfinance sera un \u00e9tablissement public qui va mettre \u00e0 disposition de ces derniers, des fonds que pourront emprunter les agriculteurs, \u00e0 des taux plus bas que ceux en vigueur sur le march\u00e9 financier. Toutefois,Gabriel Mba\u00efrobe<strong>,<\/strong>\u00a0n\u2019a donn\u00e9 aucune indication concernant la mise en \u0153uvre de cette initiative.<\/p>\n<p><strong>Lire aussi : <a href=\"https:\/\/ecomatin.net\/le-gouvernement-enterre-les-espoirs-s-dune-relance-immediate-de-la-culture-du-ble-au-cameroun\/\">Le gouvernement enterre les espoirs d\u2019une relance imm\u00e9diate de la culture\u00a0\u00a0du bl\u00e9 au Cameroun\u00a0<\/a><\/strong><\/p>\n<p>L\u2019initiative rev\u00eat un caract\u00e8re salvateur. Surtout qu\u2019elle vient suppl\u00e9er la Banque Agricole dont la cr\u00e9ation a \u00e9t\u00e9 annonc\u00e9e il y a plus de 10 ans par le pr\u00e9sident de la R\u00e9publique, Paul Biya, lors du comice agropastoral d\u2019Ebolowa. Associ\u00e9e \u00e0 un autre projet gouvernemental pilot\u00e9 par la Banque camerounaise des Petites et moyennes entreprises, elle pourrait constituer une niche financi\u00e8re cons\u00e9quente pour les agriculteurs. Toutefois, faut-il encore qu\u2019elle soit men\u00e9e \u00e0 son terme. Surtout que, c\u2019est en septembre 2021, que la Banque camerounaise des Petites et moyennes entreprises (BC-PME) en collaboration \u00e9troite avec\u00a0l\u2019Agence de promotion des petites et moyennes entreprises (Apme) a annonc\u00e9 l\u2019ouverture d\u2019un guichet sp\u00e9cifique de 200 millions de FCFA pour l\u2019encadrement et l\u2019accompagnement des activit\u00e9s du secteur agricole.\u00a0 L\u2019objectif \u00e9tait de renforcer les comp\u00e9tences des ressources humaines dans les fili\u00e8res sp\u00e9cifiques, de financer la production des mati\u00e8res premi\u00e8res et la distribution, ainsi que les activit\u00e9s connexes.<\/p>\n<p>L\u2019article <a rel=\"nofollow\" href=\"https:\/\/ecomatin.net\/financement-de-lagriculture-une-societe-de-refinancement-t-en-gestation-en-attendant-la-banque-agricole\/\">Financement de l\u2019agriculture\u00a0: une soci\u00e9t\u00e9 de refinancement en gestation en attendant la Banque agricole<\/a> est apparu en premier sur <a rel=\"nofollow\" href=\"https:\/\/ecomatin.net\/\">EcoMatin<\/a>.<\/p>\n<\/div>\n<p>Auteur: Paul Tjeg<br \/>\n<a href=\"https:\/\/ecomatin.net\/financement-de-lagriculture-une-societe-de-refinancement-t-en-gestation-en-attendant-la-banque-agricole\/\">Cliquez ici pour lire l&rsquo;article depuis sa source.<\/a><\/p>\n","protected":false},"excerpt":{"rendered":"<p>Le secteur agricole au Cameroun fait face \u00e0 de nombreuses difficult\u00e9s. D\u2019apr\u00e8sle ministre de l\u2019Agriculture et du d\u00e9veloppement rural, Gabriel Mba\u00efrobe, les plus pr\u00e9gnantes sont l\u2019acc\u00e8s difficile aux zones de production et aux intrants de qualit\u00e9. Mais \u00e9galement et surtout, l\u2019insuffisance des moyens financiers, entendez, l\u2019acc\u00e8s aux cr\u00e9dits bancaires. Pour pallier cette\u00a0carence en moyens financiers, [&hellip;]<\/p>\n","protected":false},"author":1969,"featured_media":0,"comment_status":"closed","ping_status":"closed","sticky":false,"template":"","format":"standard","meta":{"fifu_image_url":"","fifu_image_alt":"","footnotes":""},"categories":[82,78],"tags":[],"class_list":["post-144997","post","type-post","status-publish","format-standard","hentry","category-cameroun","category-economie"],"_links":{"self":[{"href":"https:\/\/linitiative.ca\/International\/wp-json\/wp\/v2\/posts\/144997","targetHints":{"allow":["GET"]}}],"collection":[{"href":"https:\/\/linitiative.ca\/International\/wp-json\/wp\/v2\/posts"}],"about":[{"href":"https:\/\/linitiative.ca\/International\/wp-json\/wp\/v2\/types\/post"}],"author":[{"embeddable":true,"href":"https:\/\/linitiative.ca\/International\/wp-json\/wp\/v2\/users\/1969"}],"replies":[{"embeddable":true,"href":"https:\/\/linitiative.ca\/International\/wp-json\/wp\/v2\/comments?post=144997"}],"version-history":[{"count":0,"href":"https:\/\/linitiative.ca\/International\/wp-json\/wp\/v2\/posts\/144997\/revisions"}],"wp:attachment":[{"href":"https:\/\/linitiative.ca\/International\/wp-json\/wp\/v2\/media?parent=144997"}],"wp:term":[{"taxonomy":"category","embeddable":true,"href":"https:\/\/linitiative.ca\/International\/wp-json\/wp\/v2\/categories?post=144997"},{"taxonomy":"post_tag","embeddable":true,"href":"https:\/\/linitiative.ca\/International\/wp-json\/wp\/v2\/tags?post=144997"}],"curies":[{"name":"wp","href":"https:\/\/api.w.org\/{rel}","templated":true}]}}