{"id":144999,"date":"2022-04-07T14:10:35","date_gmt":"2022-04-07T18:10:35","guid":{"rendered":"https:\/\/linitiative.ca\/International\/le-cabinet-davocat-daffaires-chazai-partners-change-de-denomination-et-devient-chazai-wamba\/"},"modified":"2022-04-07T14:10:35","modified_gmt":"2022-04-07T18:10:35","slug":"le-cabinet-davocat-daffaires-chazai-partners-change-de-denomination-et-devient-chazai-wamba","status":"publish","type":"post","link":"https:\/\/linitiative.ca\/International\/le-cabinet-davocat-daffaires-chazai-partners-change-de-denomination-et-devient-chazai-wamba\/","title":{"rendered":"Le cabinet d\u2019avocat d\u2019affaires Chazai &amp; Partners change de d\u00e9nomination et devient Chazai Wamba"},"content":{"rendered":"<div>\n<p>Un changement de nom certes, mais des ambitions toujours aussi grandes. Le cabinet d\u2019avocats Chazai &amp; Partnersdevenu il y a de cela quelques jours, Chazai Wamba, ne compte pas rompre avec l\u2019exigence et \u00a0le professionnalisme qui a fait sa renomm\u00e9e dans le domaine du droit des affaires, depuis sa cr\u00e9ation en 2017. Au contraire, cette nouvelle d\u00e9nomination, qu\u2019accompagne une identit\u00e9 visuelle toute neuve, est un moyen de poursuivre la perp\u00e9tuation de ces valeurs afin de maintenir sa position avantageuse sur le march\u00e9. \u00abNous voulions d\u2019abord rappeler que notre Cabinet a \u00e9t\u00e9 fond\u00e9 par deux avocates, qui ont men\u00e9 \u00e0 l\u2019international les carri\u00e8res les plus prestigieuses et ont d\u00e9cid\u00e9, fortes de ces exp\u00e9riences, de revenir offrir directement sur le continent africain des services juridiques respectant les standards les plus \u00e9lev\u00e9s. Par ailleurs, nous souhaitons symboliser un renouveau du Cabinet et illustrer une nouvelle \u00e9tape de la r\u00e9alisation de nos ambitions de croissance non seulement sur le march\u00e9 africain, mais \u00e9galement sur le march\u00e9 mondial<em>\u00bb<\/em>, explique Aur\u00e9lie Chazai, Associ\u00e9e G\u00e9rante.<\/p>\n<p><strong>Lire aussi : <a href=\"https:\/\/ecomatin.net\/eurobond-du-cameroun-lequipe-choc-de-motazze\/\">Eurobond du Cameroun : l\u2019\u00e9quipe choc de Louis Paul Motaze<\/a><\/strong><\/p>\n<p>Des ambitions que confirme Flora Wamba, deuxi\u00e8me associ\u00e9e du cabinet \u00abAujourd\u2019hui, nous sommes un Cabinet solidement install\u00e9 et nos objectifs pour l\u2019avenir sont clairs.\u00a0Nous avons estim\u00e9 le moment bien choisi pour nous r\u00e9inventer tout en conservant les valeurs-c\u0153ur qui continuent de faire notre succ\u00e8s et notre stabilit\u00e9 interne, qui est particuli\u00e8rement appr\u00e9ci\u00e9e par nos clients\u00bb. Pour m\u00e9moire, Chazai Wamba est un cabinet d\u2019avocats d\u2019affaires panafricain bas\u00e9 au Cameroun, au Gabon et en France. Il compte trois associ\u00e9s dont les avocates internationales Aur\u00e9lie Chazai et Flora Wamba.\u00a0Le Cabinet est intervenu sur nombre d\u2019op\u00e9rations de premier plan, dont le r\u00e9cent Eurobond de l\u2019\u00c9tat du Cameroun.\u00a0<\/p>\n<p>L\u2019article <a rel=\"nofollow\" href=\"https:\/\/ecomatin.net\/le-cabinet-davocat-daffaires-chazai-partners-change-de-denomination-et-devient-chazai-wamba\/\">Le cabinet d\u2019avocat d\u2019affaires Chazai &amp; Partners change de d\u00e9nomination et devient Chazai Wamba<\/a> est apparu en premier sur <a rel=\"nofollow\" href=\"https:\/\/ecomatin.net\/\">EcoMatin<\/a>.<\/p>\n<\/div>\n<p>Auteur: Paul Tjeg<br \/>\n<a href=\"https:\/\/ecomatin.net\/le-cabinet-davocat-daffaires-chazai-partners-change-de-denomination-et-devient-chazai-wamba\/\">Cliquez ici pour lire l&rsquo;article depuis sa source.<\/a><\/p>\n","protected":false},"excerpt":{"rendered":"<p>Un changement de nom certes, mais des ambitions toujours aussi grandes. Le cabinet d\u2019avocats Chazai &amp; Partnersdevenu il y a de cela quelques jours, Chazai Wamba, ne compte pas rompre avec l\u2019exigence et \u00a0le professionnalisme qui a fait sa renomm\u00e9e dans le domaine du droit des affaires, depuis sa cr\u00e9ation en 2017. Au contraire, cette [&hellip;]<\/p>\n","protected":false},"author":1969,"featured_media":0,"comment_status":"closed","ping_status":"closed","sticky":false,"template":"","format":"standard","meta":{"fifu_image_url":"","fifu_image_alt":"","footnotes":""},"categories":[82,78],"tags":[],"class_list":["post-144999","post","type-post","status-publish","format-standard","hentry","category-cameroun","category-economie"],"_links":{"self":[{"href":"https:\/\/linitiative.ca\/International\/wp-json\/wp\/v2\/posts\/144999","targetHints":{"allow":["GET"]}}],"collection":[{"href":"https:\/\/linitiative.ca\/International\/wp-json\/wp\/v2\/posts"}],"about":[{"href":"https:\/\/linitiative.ca\/International\/wp-json\/wp\/v2\/types\/post"}],"author":[{"embeddable":true,"href":"https:\/\/linitiative.ca\/International\/wp-json\/wp\/v2\/users\/1969"}],"replies":[{"embeddable":true,"href":"https:\/\/linitiative.ca\/International\/wp-json\/wp\/v2\/comments?post=144999"}],"version-history":[{"count":0,"href":"https:\/\/linitiative.ca\/International\/wp-json\/wp\/v2\/posts\/144999\/revisions"}],"wp:attachment":[{"href":"https:\/\/linitiative.ca\/International\/wp-json\/wp\/v2\/media?parent=144999"}],"wp:term":[{"taxonomy":"category","embeddable":true,"href":"https:\/\/linitiative.ca\/International\/wp-json\/wp\/v2\/categories?post=144999"},{"taxonomy":"post_tag","embeddable":true,"href":"https:\/\/linitiative.ca\/International\/wp-json\/wp\/v2\/tags?post=144999"}],"curies":[{"name":"wp","href":"https:\/\/api.w.org\/{rel}","templated":true}]}}