{"id":145000,"date":"2022-04-08T08:08:37","date_gmt":"2022-04-08T12:08:37","guid":{"rendered":"https:\/\/linitiative.ca\/International\/salon-batibouw-la-chambre-de-commerce-belgo-luxembourgeoise-au-maroc-organise-un-voyage-daffaires\/"},"modified":"2022-04-08T08:08:37","modified_gmt":"2022-04-08T12:08:37","slug":"salon-batibouw-la-chambre-de-commerce-belgo-luxembourgeoise-au-maroc-organise-un-voyage-daffaires","status":"publish","type":"post","link":"https:\/\/linitiative.ca\/International\/salon-batibouw-la-chambre-de-commerce-belgo-luxembourgeoise-au-maroc-organise-un-voyage-daffaires\/","title":{"rendered":"Salon \u00abBatibouw\u00bb : La Chambre de commerce belgo-luxembourgeoise au Maroc organise un voyage d\u2019affaires"},"content":{"rendered":"<div>\n<p><img loading=\"lazy\" decoding=\"async\" width=\"300\" height=\"153\" src=\"https:\/\/linitiative.ca\/International\/wp-content\/uploads\/sites\/23\/2022\/04\/Batibouw-2022-300x153-1.jpg\" class=\"attachment-medium size-medium wp-post-image\" alt=\"\" srcset=\"https:\/\/linitiative.ca\/International\/wp-content\/uploads\/sites\/23\/2022\/04\/Batibouw-2022-300x153-1.jpg 300w, https:\/\/aujourdhui.ma\/wp-content\/uploads\/2022\/04\/Batibouw-2022-274x140.jpg 274w, https:\/\/aujourdhui.ma\/wp-content\/uploads\/2022\/04\/Batibouw-2022.jpg 746w, https:\/\/aujourdhui.ma\/wp-content\/uploads\/2022\/04\/Batibouw-2022-165x84.jpg 165w, https:\/\/aujourdhui.ma\/wp-content\/uploads\/2022\/04\/Batibouw-2022-702x358.jpg 702w\" sizes=\"auto, (max-width: 300px) 100vw, 300px\"><\/p>\n<p><span style=\"color: #800000; font-size: 20px;\"><strong>La Chambre de commerce belgo-luxembourgeoise au Maroc (CCBLM) organisera un voyage d\u2019affaires, du 20 au 24 mai prochain \u00e0 Bruxelles, \u00e0 l\u2019occasion du Salon \u00abBatibouw\u00bb.<\/strong><\/span><span id=\"more-404712\"><\/span><\/p>\n<p>Tenu du 21 au 29 mai 2022 \u00e0 Brussels Expo, le salon se veut \u00able plus grand salon belge de la construction, de la r\u00e9novation, de la d\u00e9coration et de l\u2019am\u00e9nagement\u00bb, indique la CCBLM dans un communiqu\u00e9. \u00abCette grande plate-forme de b\u00e2tisseurs et de r\u00e9novateurs de 63 ans d\u2019exp\u00e9riences n\u2019est pas une simple exposition de produits et de services mais un forum d\u2019id\u00e9es, d\u2019\u00e9changes et de partenariats, qui peuvent s\u2019av\u00e9rer extr\u00eamement int\u00e9ressant pour l\u2019entreprise\u00bb, ajoute la m\u00eame source.<br \/>\nCr\u00e9\u00e9e en 1925, la Chambre de commerce belgo-luxembourgeoise au Maroc est une association \u00e0 but non lucratif qui \u0153uvre pour le d\u00e9veloppement et la promotion des relations \u00e9conomiques et commerciales entre la Belgique, le Grand-duch\u00e9 de Luxembourg et le Maroc.<\/p>\n<\/div>\n<p>Auteur: ALM<br \/>\n<a href=\"https:\/\/aujourdhui.ma\/economie\/salon-batibouw-la-chambre-de-commerce-belgo-luxembourgeoise-au-maroc-organise-un-voyage-daffaires\">Cliquez ici pour lire l&rsquo;article depuis sa source.<\/a><\/p>\n","protected":false},"excerpt":{"rendered":"<p>La Chambre de commerce belgo-luxembourgeoise au Maroc (CCBLM) organisera un voyage d\u2019affaires, du 20 au 24 mai prochain \u00e0 Bruxelles, \u00e0 l\u2019occasion du Salon \u00abBatibouw\u00bb. Tenu du 21 au 29 mai 2022 \u00e0 Brussels Expo, le salon se veut \u00able plus grand salon belge de la construction, de la r\u00e9novation, de la d\u00e9coration et de [&hellip;]<\/p>\n","protected":false},"author":1759,"featured_media":0,"comment_status":"closed","ping_status":"closed","sticky":false,"template":"","format":"standard","meta":{"fifu_image_url":"https:\/\/aujourdhui.ma\/wp-content\/uploads\/2022\/04\/Batibouw-2022-300x153.jpg","fifu_image_alt":"Salon \u00abBatibouw\u00bb : La Chambre de commerce belgo-luxembourgeoise au Maroc organise un voyage d\u2019affaires","footnotes":""},"categories":[73,54],"tags":[],"class_list":["post-145000","post","type-post","status-publish","format-standard","hentry","category-actualite","category-maroc"],"_links":{"self":[{"href":"https:\/\/linitiative.ca\/International\/wp-json\/wp\/v2\/posts\/145000","targetHints":{"allow":["GET"]}}],"collection":[{"href":"https:\/\/linitiative.ca\/International\/wp-json\/wp\/v2\/posts"}],"about":[{"href":"https:\/\/linitiative.ca\/International\/wp-json\/wp\/v2\/types\/post"}],"author":[{"embeddable":true,"href":"https:\/\/linitiative.ca\/International\/wp-json\/wp\/v2\/users\/1759"}],"replies":[{"embeddable":true,"href":"https:\/\/linitiative.ca\/International\/wp-json\/wp\/v2\/comments?post=145000"}],"version-history":[{"count":0,"href":"https:\/\/linitiative.ca\/International\/wp-json\/wp\/v2\/posts\/145000\/revisions"}],"wp:attachment":[{"href":"https:\/\/linitiative.ca\/International\/wp-json\/wp\/v2\/media?parent=145000"}],"wp:term":[{"taxonomy":"category","embeddable":true,"href":"https:\/\/linitiative.ca\/International\/wp-json\/wp\/v2\/categories?post=145000"},{"taxonomy":"post_tag","embeddable":true,"href":"https:\/\/linitiative.ca\/International\/wp-json\/wp\/v2\/tags?post=145000"}],"curies":[{"name":"wp","href":"https:\/\/api.w.org\/{rel}","templated":true}]}}