{"id":145002,"date":"2022-04-08T08:10:42","date_gmt":"2022-04-08T12:10:42","guid":{"rendered":"https:\/\/linitiative.ca\/International\/le-recueil-des-circulaires-de-ladii-pour-le-1er-trimestre-2022-a-telecharger\/"},"modified":"2022-04-08T08:10:42","modified_gmt":"2022-04-08T12:10:42","slug":"le-recueil-des-circulaires-de-ladii-pour-le-1er-trimestre-2022-a-telecharger","status":"publish","type":"post","link":"https:\/\/linitiative.ca\/International\/le-recueil-des-circulaires-de-ladii-pour-le-1er-trimestre-2022-a-telecharger\/","title":{"rendered":"Le recueil des circulaires de l\u2019ADII pour le 1er trimestre 2022 \u00e0 t\u00e9l\u00e9charger"},"content":{"rendered":"<div>\n<p><img loading=\"lazy\" decoding=\"async\" width=\"300\" height=\"153\" src=\"https:\/\/linitiative.ca\/International\/wp-content\/uploads\/sites\/23\/2022\/04\/ADII-300x153-1.jpg\" class=\"attachment-medium size-medium wp-post-image\" alt=\"\" srcset=\"https:\/\/linitiative.ca\/International\/wp-content\/uploads\/sites\/23\/2022\/04\/ADII-300x153-1.jpg 300w, https:\/\/aujourdhui.ma\/wp-content\/uploads\/2021\/12\/ADII--274x140.jpg 274w, https:\/\/aujourdhui.ma\/wp-content\/uploads\/2021\/12\/ADII-.jpg 746w, https:\/\/aujourdhui.ma\/wp-content\/uploads\/2021\/12\/ADII--165x84.jpg 165w, https:\/\/aujourdhui.ma\/wp-content\/uploads\/2021\/12\/ADII--702x358.jpg 702w\" sizes=\"auto, (max-width: 300px) 100vw, 300px\"><\/p>\n<p><span style=\"font-size: 20px; color: #800000;\"><strong>Voici le recueil des circulaires de l\u2019ADII (l\u2019Administration des Douanes et Imp\u00f4ts Indirects) pour le 1er trimestre 2022. Un document qui a trait \u00e0 l\u2019import et l\u2019export entre autres.<\/strong> <\/span><span id=\"more-404719\"><\/span><\/p>\n<p>Ce document est destin\u00e9 par th\u00e8me aux op\u00e9rateurs du commerce ext\u00e9rieur. Il y est \u00e9galement question entre autres de coop\u00e9ration internationale et d\u2019\u00e9tudes l\u00e9gislatives et r\u00e9glementaires. Il suffit de cliquer sur le lien ci-apr\u00e8s pour en savoir plus.<\/p>\n<p><span style=\"color: #3366ff; font-size: 20px;\"><strong><a style=\"color: #3366ff;\" href=\"https:\/\/aujourdhui.ma\/wp-content\/uploads\/2022\/04\/Recueil-CIRCULAIRES-ADII-1er-Trimeste-2022_.pdf\">(Lien)<\/a><\/strong><\/span><\/p>\n<div class=\"mom-document \"><iframe loading=\"lazy\" src=\"http:\/\/docs.google.com\/viewer?embedded=true&amp;url=https:\/\/aujourdhui.ma\/wp-content\/uploads\/2022\/04\/Recueil-CIRCULAIRES-ADII-1er-Trimeste-2022_.pdf\" width=\"100%\" height=\"800\"><\/iframe><\/div>\n<p>\u00a0<\/p>\n<\/div>\n<p>Auteur: ALM<br \/>\n<a href=\"https:\/\/aujourdhui.ma\/economie\/le-recueil-des-circulaires-de-ladii-pour-le-1er-trimestre-2022-a-telecharger\">Cliquez ici pour lire l&rsquo;article depuis sa source.<\/a><\/p>\n","protected":false},"excerpt":{"rendered":"<p>Voici le recueil des circulaires de l\u2019ADII (l\u2019Administration des Douanes et Imp\u00f4ts Indirects) pour le 1er trimestre 2022. Un document qui a trait \u00e0 l\u2019import et l\u2019export entre autres. Ce document est destin\u00e9 par th\u00e8me aux op\u00e9rateurs du commerce ext\u00e9rieur. Il y est \u00e9galement question entre autres de coop\u00e9ration internationale et d\u2019\u00e9tudes l\u00e9gislatives et r\u00e9glementaires. [&hellip;]<\/p>\n","protected":false},"author":1759,"featured_media":0,"comment_status":"closed","ping_status":"closed","sticky":false,"template":"","format":"standard","meta":{"fifu_image_url":"https:\/\/aujourdhui.ma\/wp-content\/uploads\/2021\/12\/ADII--300x153.jpg","fifu_image_alt":"Le recueil des circulaires de l\u2019ADII pour le 1er trimestre 2022 \u00e0 t\u00e9l\u00e9charger","footnotes":""},"categories":[73,54],"tags":[],"class_list":["post-145002","post","type-post","status-publish","format-standard","hentry","category-actualite","category-maroc"],"_links":{"self":[{"href":"https:\/\/linitiative.ca\/International\/wp-json\/wp\/v2\/posts\/145002","targetHints":{"allow":["GET"]}}],"collection":[{"href":"https:\/\/linitiative.ca\/International\/wp-json\/wp\/v2\/posts"}],"about":[{"href":"https:\/\/linitiative.ca\/International\/wp-json\/wp\/v2\/types\/post"}],"author":[{"embeddable":true,"href":"https:\/\/linitiative.ca\/International\/wp-json\/wp\/v2\/users\/1759"}],"replies":[{"embeddable":true,"href":"https:\/\/linitiative.ca\/International\/wp-json\/wp\/v2\/comments?post=145002"}],"version-history":[{"count":0,"href":"https:\/\/linitiative.ca\/International\/wp-json\/wp\/v2\/posts\/145002\/revisions"}],"wp:attachment":[{"href":"https:\/\/linitiative.ca\/International\/wp-json\/wp\/v2\/media?parent=145002"}],"wp:term":[{"taxonomy":"category","embeddable":true,"href":"https:\/\/linitiative.ca\/International\/wp-json\/wp\/v2\/categories?post=145002"},{"taxonomy":"post_tag","embeddable":true,"href":"https:\/\/linitiative.ca\/International\/wp-json\/wp\/v2\/tags?post=145002"}],"curies":[{"name":"wp","href":"https:\/\/api.w.org\/{rel}","templated":true}]}}