{"id":145014,"date":"2022-04-07T14:00:00","date_gmt":"2022-04-07T18:00:00","guid":{"rendered":"https:\/\/linitiative.ca\/International\/le-maroc-designe-coordonnateur-de-deux-groupes-de-travail\/"},"modified":"2022-04-07T14:00:00","modified_gmt":"2022-04-07T18:00:00","slug":"le-maroc-designe-coordonnateur-de-deux-groupes-de-travail","status":"publish","type":"post","link":"https:\/\/linitiative.ca\/International\/le-maroc-designe-coordonnateur-de-deux-groupes-de-travail\/","title":{"rendered":"Le Maroc d\u00e9sign\u00e9 coordonnateur de deux groupes de travail"},"content":{"rendered":"<div>\n<p class=\"has-text-align-center has-vivid-red-color has-text-color\"><strong>R\u00e9seau arabe des organismes de r\u00e9glementation nucl\u00e9aire \u2013 ANNuR<\/strong><\/p>\n<p class=\"has-text-align-left has-black-color has-text-color\"><strong>L\u2019Agence marocaine de s\u00fbret\u00e9 et de s\u00e9curit\u00e9 nucl\u00e9aires et radiologiques (AMSSNuR) a \u00e9t\u00e9 d\u00e9sign\u00e9e, coordonnateur des groupes de travail charg\u00e9s, respectivement, de la s\u00fbret\u00e9 de la gestion des d\u00e9chets radioactifs et de la s\u00fbret\u00e9 des installations nucl\u00e9aires, au sein du R\u00e9seau arabe des organismes de r\u00e9glementation nucl\u00e9aire (ANNuR).<br \/>Cette nomination, qui a eu lieu lors de la treizi\u00e8me r\u00e9union du ANNuR, organis\u00e9e \u00e0 Hammamet en Tunisie, entre le 22 et le 24 mars 2022, vient en r\u00e9ponse \u00e0 la pr\u00e9sentation de l\u2019exp\u00e9rience nationale relative au contr\u00f4le r\u00e9glementaire des aspects de la s\u00fbret\u00e9 de la gestion des d\u00e9chets radioactifs et de la s\u00fbret\u00e9 du r\u00e9acteur de recherche TRIGA Mark II, indique l\u2019Agence dans un communiqu\u00e9.<\/strong><\/p>\n<p class=\"has-text-align-left\">A cet \u00e9gard, et conform\u00e9ment aux termes de r\u00e9f\u00e9rence du r\u00e9seau, \u00ab\u00a0AMSSNuR est, d\u00e9sormais en sa qualit\u00e9 de coordonnateur, appel\u00e9e \u00e0 \u00e9tablir les termes de r\u00e9f\u00e9rence des deux groupes de travail suscit\u00e9s et de coordonner la mise en place d\u2019une strat\u00e9gie visant la mise en \u0153uvre du plan d\u2019action arr\u00eat\u00e9 en concertation avec les pays membres d\u2019ANNuR\u00a0\u00bb, souligne le communiqu\u00e9.<br \/>En effet, cette r\u00e9union \u00e9tait, d\u2019une part, l\u2019occasion pour les participants de pr\u00e9senter leurs r\u00e9alisations, les d\u00e9fis rencontr\u00e9s dans le cadre de la mise en \u0153uvre des projets chapeaut\u00e9s par ANNuR et, d\u2019autre part, d\u2019\u00e9lire les coordonnateurs des diff\u00e9rents groupes de travail charg\u00e9s de la s\u00fbret\u00e9 et de la s\u00e9curit\u00e9 nucl\u00e9aires et radiologiques, ajoute la m\u00eame source.<br \/>AMSSNuR a \u00e9t\u00e9 repr\u00e9sent\u00e9e \u00e0 cette r\u00e9union, qui entre dans le cadre des activit\u00e9s du r\u00e9seau arabe, en tant que forum de partage et d\u2019\u00e9change d\u2019exp\u00e9rience en mati\u00e8re de s\u00fbret\u00e9 et de s\u00e9curit\u00e9 nucl\u00e9aires et radiologiques, par le chef de la division de la r\u00e9glementation et l\u2019autorisation relevant du d\u00e9partement de la s\u00fbret\u00e9 Nucl\u00e9aire de l\u2019Agence, Mohamed Maital.<\/p>\n<p class=\"has-text-align-left\">En plus des repr\u00e9sentants de la Commission de la r\u00e9glementation nucl\u00e9aire des \u00c9tats-Unis (US-NRC), de l\u2019Agence Internationale de l\u2019Energie Atomique (AIEA) et des partenaires d\u2019ANNuR, les repr\u00e9sentants des autorit\u00e9s r\u00e9glementaires des diff\u00e9rents pays arabes ont \u00e9galement particip\u00e9 \u00e0 cette r\u00e9union, notamment le Maroc, la Tunisie, la Mauritanie, l\u2019Irak, l\u2019Egypte, le Liban, la Libye, la Palestine, le Soudan, le Kowe\u00eft, et l\u2019Arabie saoudite.<br \/>Cette r\u00e9union a \u00e9t\u00e9 \u00e9galement marqu\u00e9e par la d\u00e9signation de l\u2019Irak, \u00e0 travers son autorit\u00e9 r\u00e9glementaire, \u00e0 la pr\u00e9sidence du r\u00e9seau ANNuR, et ce, suivant l\u2019ordre alphab\u00e9tique des pays arabes membres du r\u00e9seau, conclut le communiqu\u00e9.<\/p>\n<p>L\u2019article <a rel=\"nofollow\" href=\"http:\/\/albayane.press.ma\/le-maroc-designe-coordonnateur-de-deux-groupes-de-travail.html\">Le Maroc d\u00e9sign\u00e9 coordonnateur de deux groupes de travail<\/a> est apparu en premier sur <a rel=\"nofollow\" href=\"http:\/\/albayane.press.ma\/\">ALBAYANE<\/a>.<\/p>\n<\/div>\n<p>Auteur: M&rsquo;hammed rahal<br \/>\n<a href=\"http:\/\/albayane.press.ma\/le-maroc-designe-coordonnateur-de-deux-groupes-de-travail.html\">Cliquez ici pour lire l&rsquo;article depuis sa source.<\/a><\/p>\n","protected":false},"excerpt":{"rendered":"<p>R\u00e9seau arabe des organismes de r\u00e9glementation nucl\u00e9aire \u2013 ANNuR L\u2019Agence marocaine de s\u00fbret\u00e9 et de s\u00e9curit\u00e9 nucl\u00e9aires et radiologiques (AMSSNuR) a \u00e9t\u00e9 d\u00e9sign\u00e9e, coordonnateur des groupes de travail charg\u00e9s, respectivement, de la s\u00fbret\u00e9 de la gestion des d\u00e9chets radioactifs et de la s\u00fbret\u00e9 des installations nucl\u00e9aires, au sein du R\u00e9seau arabe des organismes de r\u00e9glementation [&hellip;]<\/p>\n","protected":false},"author":1760,"featured_media":0,"comment_status":"closed","ping_status":"closed","sticky":false,"template":"","format":"standard","meta":{"fifu_image_url":"","fifu_image_alt":"","footnotes":""},"categories":[73,54],"tags":[],"class_list":["post-145014","post","type-post","status-publish","format-standard","hentry","category-actualite","category-maroc"],"_links":{"self":[{"href":"https:\/\/linitiative.ca\/International\/wp-json\/wp\/v2\/posts\/145014","targetHints":{"allow":["GET"]}}],"collection":[{"href":"https:\/\/linitiative.ca\/International\/wp-json\/wp\/v2\/posts"}],"about":[{"href":"https:\/\/linitiative.ca\/International\/wp-json\/wp\/v2\/types\/post"}],"author":[{"embeddable":true,"href":"https:\/\/linitiative.ca\/International\/wp-json\/wp\/v2\/users\/1760"}],"replies":[{"embeddable":true,"href":"https:\/\/linitiative.ca\/International\/wp-json\/wp\/v2\/comments?post=145014"}],"version-history":[{"count":0,"href":"https:\/\/linitiative.ca\/International\/wp-json\/wp\/v2\/posts\/145014\/revisions"}],"wp:attachment":[{"href":"https:\/\/linitiative.ca\/International\/wp-json\/wp\/v2\/media?parent=145014"}],"wp:term":[{"taxonomy":"category","embeddable":true,"href":"https:\/\/linitiative.ca\/International\/wp-json\/wp\/v2\/categories?post=145014"},{"taxonomy":"post_tag","embeddable":true,"href":"https:\/\/linitiative.ca\/International\/wp-json\/wp\/v2\/tags?post=145014"}],"curies":[{"name":"wp","href":"https:\/\/api.w.org\/{rel}","templated":true}]}}