{"id":145017,"date":"2022-04-07T18:52:33","date_gmt":"2022-04-07T22:52:33","guid":{"rendered":"https:\/\/linitiative.ca\/International\/sm-le-roi-offre-un-iftar-en-lhonneur-de-m-pedro-sanchez-president-du-gouvernement-espagnol\/"},"modified":"2022-04-07T18:52:33","modified_gmt":"2022-04-07T22:52:33","slug":"sm-le-roi-offre-un-iftar-en-lhonneur-de-m-pedro-sanchez-president-du-gouvernement-espagnol","status":"publish","type":"post","link":"https:\/\/linitiative.ca\/International\/sm-le-roi-offre-un-iftar-en-lhonneur-de-m-pedro-sanchez-president-du-gouvernement-espagnol\/","title":{"rendered":"SM le Roi offre un iftar en l\u2019honneur de M. Pedro Sanchez, pr\u00e9sident du gouvernement espagnol"},"content":{"rendered":"<div>\n<div style=\"margin-bottom:20px;\"><img loading=\"lazy\" decoding=\"async\" width=\"750\" height=\"430\" src=\"https:\/\/linitiative.ca\/International\/wp-content\/uploads\/sites\/23\/2022\/04\/iftar-mohammed-vi-moulay-el-hassan-pedro-sanchez-roi-750C397430-MAP.jpg\" class=\"attachment-post-thumbnail size-post-thumbnail wp-post-image\" alt=\"\" srcset=\"https:\/\/linitiative.ca\/International\/wp-content\/uploads\/sites\/23\/2022\/04\/iftar-mohammed-vi-moulay-el-hassan-pedro-sanchez-roi-750C397430-MAP.jpg 750w, https:\/\/www.mapoujda.ma\/map\/uploads\/2022\/04\/iftar-mohammed-vi-moulay-el-hassan-pedro-sanchez-roi-750\u00d7430-MAP-300x172.jpg 300w\" sizes=\"auto, (max-width: 750px) 100vw, 750px\"><\/div>\n<p style=\"text-align: justify;\">Sa Majest\u00e9 le Roi Mohammed VI, que Dieu L\u2019assiste, accompagn\u00e9 de SAR le Prince H\u00e9ritier Moulay El Hassan et de SAR le Prince Moulay Rachid, a offert, jeudi, \u00e0 la R\u00e9sidence Royale \u00e0 Sal\u00e9, un iftar en l\u2019honneur de Son Excellence M. Pedro Sanchez, pr\u00e9sident du gouvernement espagnol.<\/p>\n<p style=\"text-align: justify;\">Ont pris part \u00e0 cet iftar, du c\u00f4t\u00e9 espagnol, le ministre des Affaires \u00e9trang\u00e8res, de l\u2019Union Europ\u00e9enne et de la Coop\u00e9ration, Jos\u00e9 Manuel Albares, et l\u2019ambassadeur d\u2019Espagne \u00e0 Rabat, M. Ricardo Diez-Hochleitner, et du c\u00f4t\u00e9 marocain, le Chef du gouvernement, M. Aziz Akhannouch, le Conseiller de SM le Roi, M. Fouad Ali El Himma, et le Ministre des Affaires \u00e9trang\u00e8res, de la Coop\u00e9ration africaine et des Marocains r\u00e9sidant \u00e0 l\u2019\u00e9tranger, M. Nasser Bourita.<\/p>\n<p>L\u2019article <a rel=\"nofollow\" href=\"https:\/\/www.mapoujda.ma\/fr\/sm-le-roi-offre-un-iftar-en-lhonneur-de-m-pedro-sanchez-president-du-gouvernement-espagnol\/\">SM le Roi offre un iftar en l\u2019honneur de M. Pedro Sanchez, pr\u00e9sident du gouvernement espagnol<\/a> est apparu en premier sur <a rel=\"nofollow\" href=\"https:\/\/www.mapoujda.ma\/fr\">MapOujda<\/a>.<\/p>\n<\/div>\n<p>Auteur: Soufiane ELAHMAR<br \/>\n<a href=\"https:\/\/www.mapoujda.ma\/fr\/sm-le-roi-offre-un-iftar-en-lhonneur-de-m-pedro-sanchez-president-du-gouvernement-espagnol\/\">Cliquez ici pour lire l&rsquo;article depuis sa source.<\/a><\/p>\n","protected":false},"excerpt":{"rendered":"<p>Sa Majest\u00e9 le Roi Mohammed VI, que Dieu L\u2019assiste, accompagn\u00e9 de SAR le Prince H\u00e9ritier Moulay El Hassan et de SAR le Prince Moulay Rachid, a offert, jeudi, \u00e0 la R\u00e9sidence Royale \u00e0 Sal\u00e9, un iftar en l\u2019honneur de Son Excellence M. Pedro Sanchez, pr\u00e9sident du gouvernement espagnol. Ont pris part \u00e0 cet iftar, du [&hellip;]<\/p>\n","protected":false},"author":1788,"featured_media":0,"comment_status":"closed","ping_status":"closed","sticky":false,"template":"","format":"standard","meta":{"fifu_image_url":"https:\/\/www.mapoujda.ma\/map\/uploads\/2022\/04\/iftar-mohammed-vi-moulay-el-hassan-pedro-sanchez-roi-750\u00d7430-MAP.jpg","fifu_image_alt":"SM le Roi offre un iftar en l\u2019honneur de M. Pedro Sanchez, pr\u00e9sident du gouvernement espagnol","footnotes":""},"categories":[54,76],"tags":[],"class_list":["post-145017","post","type-post","status-publish","format-standard","hentry","category-maroc","category-regions"],"_links":{"self":[{"href":"https:\/\/linitiative.ca\/International\/wp-json\/wp\/v2\/posts\/145017","targetHints":{"allow":["GET"]}}],"collection":[{"href":"https:\/\/linitiative.ca\/International\/wp-json\/wp\/v2\/posts"}],"about":[{"href":"https:\/\/linitiative.ca\/International\/wp-json\/wp\/v2\/types\/post"}],"author":[{"embeddable":true,"href":"https:\/\/linitiative.ca\/International\/wp-json\/wp\/v2\/users\/1788"}],"replies":[{"embeddable":true,"href":"https:\/\/linitiative.ca\/International\/wp-json\/wp\/v2\/comments?post=145017"}],"version-history":[{"count":0,"href":"https:\/\/linitiative.ca\/International\/wp-json\/wp\/v2\/posts\/145017\/revisions"}],"wp:attachment":[{"href":"https:\/\/linitiative.ca\/International\/wp-json\/wp\/v2\/media?parent=145017"}],"wp:term":[{"taxonomy":"category","embeddable":true,"href":"https:\/\/linitiative.ca\/International\/wp-json\/wp\/v2\/categories?post=145017"},{"taxonomy":"post_tag","embeddable":true,"href":"https:\/\/linitiative.ca\/International\/wp-json\/wp\/v2\/tags?post=145017"}],"curies":[{"name":"wp","href":"https:\/\/api.w.org\/{rel}","templated":true}]}}