{"id":145019,"date":"2022-04-07T19:41:34","date_gmt":"2022-04-07T23:41:34","guid":{"rendered":"https:\/\/linitiative.ca\/International\/carte-du-conducteur-professionnel-une-formation-gratuite-au-profit-des-conducteurs-de-taxis\/"},"modified":"2022-04-07T19:41:34","modified_gmt":"2022-04-07T23:41:34","slug":"carte-du-conducteur-professionnel-une-formation-gratuite-au-profit-des-conducteurs-de-taxis","status":"publish","type":"post","link":"https:\/\/linitiative.ca\/International\/carte-du-conducteur-professionnel-une-formation-gratuite-au-profit-des-conducteurs-de-taxis\/","title":{"rendered":"Carte du conducteur professionnel: une formation gratuite au profit des conducteurs de taxis"},"content":{"rendered":"<div>\n<div style=\"margin-bottom:20px;\"><img loading=\"lazy\" decoding=\"async\" width=\"750\" height=\"430\" src=\"https:\/\/linitiative.ca\/International\/wp-content\/uploads\/sites\/23\/2022\/04\/Taxi-plaque-750C397430-MAP.jpg\" class=\"attachment-post-thumbnail size-post-thumbnail wp-post-image\" alt=\"\" srcset=\"https:\/\/linitiative.ca\/International\/wp-content\/uploads\/sites\/23\/2022\/04\/Taxi-plaque-750C397430-MAP.jpg 750w, https:\/\/www.mapoujda.ma\/map\/uploads\/2022\/04\/Taxi-plaque-750\u00d7430-MAP-300x172.jpg 300w\" sizes=\"auto, (max-width: 750px) 100vw, 750px\"><\/div>\n<p style=\"text-align: justify;\">Le minist\u00e8re du Transport et de la Logistique annonce le lancement, durant la p\u00e9riode du 08 avril au 30 juin 2022,\u00a0de l\u2019op\u00e9ration d\u2019inscription des conducteurs de taxis exer\u00e7ant (premi\u00e8re et deuxi\u00e8me cat\u00e9gories) d\u00e9sirant l\u2019obtention de la carte du conducteur professionnel ou le renouvellement de sa validit\u00e9.<\/p>\n<p style=\"text-align: justify;\">Cette op\u00e9ration s\u2019inscrit dans le cadre de la mise en \u0153uvre des engagements relatifs \u00e0 la gratuit\u00e9 des formations obligatoires pour l\u2019obtention de la carte du conducteur professionnel, indique le minist\u00e8re dans un communiqu\u00e9.<\/p>\n<p style=\"text-align: justify;\">La carte du conducteur professionnel est un certificat obligatoire pour l\u2019exercice de la conduite professionnelle ainsi que l\u2019adh\u00e9sion \u00e0 la Caisse Nationale de la S\u00e9curit\u00e9 Sociale (CNSS) pour b\u00e9n\u00e9ficier de ses services.<\/p>\n<p style=\"text-align: justify;\">A cet effet, et compte tenu de l\u2019importance de cette action, le minist\u00e8re appelle l\u2019ensemble des conducteurs de taxis concern\u00e9s \u00e0 adh\u00e9rer \u00e0 cette op\u00e9ration, en d\u00e9posant la demande de la formation souhait\u00e9e, accompagn\u00e9e des documents ci-dessous, contre un r\u00e9c\u00e9piss\u00e9 de d\u00e9p\u00f4t, aupr\u00e8s de l\u2019un des \u00e9tablissements de formation concern\u00e9s.<\/p>\n<p style=\"text-align: justify;\">Les documents requis pour l\u2019inscription sont\u00a02 photos d\u2019identit\u00e9, une copie de la carte nationale de l\u2019identit\u00e9 \u00e9lectronique, un\u00a0extrait du casier judiciaire (fiche n\u00b03, de moins de trois mois), une copie de la fiche anthropom\u00e9trique de moins de 3 mois, une copie du permis de conduire valable et une copie du permis de confiance valable, pr\u00e9cise-t-on.<\/p>\n<p style=\"text-align: justify;\">Pour consulter la liste des \u00e9tablissements de formation concern\u00e9s par cette op\u00e9ration, la m\u00eame source appelle les concern\u00e9s \u00e0 visiter le site web du minist\u00e8re du Transport et de la Logistique www.transport.gov.ma.<\/p>\n<p>L\u2019article <a rel=\"nofollow\" href=\"https:\/\/www.mapoujda.ma\/fr\/carte-du-conducteur-professionnel-une-formation-gratuite-au-profit-des-conducteurs-de-taxis\/\">Carte du conducteur professionnel: une formation gratuite au profit des conducteurs de taxis<\/a> est apparu en premier sur <a rel=\"nofollow\" href=\"https:\/\/www.mapoujda.ma\/fr\">MapOujda<\/a>.<\/p>\n<\/div>\n<p>Auteur: Soufiane ELAHMAR<br \/>\n<a href=\"https:\/\/www.mapoujda.ma\/fr\/carte-du-conducteur-professionnel-une-formation-gratuite-au-profit-des-conducteurs-de-taxis\/\">Cliquez ici pour lire l&rsquo;article depuis sa source.<\/a><\/p>\n","protected":false},"excerpt":{"rendered":"<p>Le minist\u00e8re du Transport et de la Logistique annonce le lancement, durant la p\u00e9riode du 08 avril au 30 juin 2022,\u00a0de l\u2019op\u00e9ration d\u2019inscription des conducteurs de taxis exer\u00e7ant (premi\u00e8re et deuxi\u00e8me cat\u00e9gories) d\u00e9sirant l\u2019obtention de la carte du conducteur professionnel ou le renouvellement de sa validit\u00e9. Cette op\u00e9ration s\u2019inscrit dans le cadre de la mise [&hellip;]<\/p>\n","protected":false},"author":1788,"featured_media":0,"comment_status":"closed","ping_status":"closed","sticky":false,"template":"","format":"standard","meta":{"fifu_image_url":"https:\/\/www.mapoujda.ma\/map\/uploads\/2022\/04\/Taxi-plaque-750\u00d7430-MAP.jpg","fifu_image_alt":"Carte du conducteur professionnel: une formation gratuite au profit des conducteurs de taxis","footnotes":""},"categories":[54,76],"tags":[],"class_list":["post-145019","post","type-post","status-publish","format-standard","hentry","category-maroc","category-regions"],"_links":{"self":[{"href":"https:\/\/linitiative.ca\/International\/wp-json\/wp\/v2\/posts\/145019","targetHints":{"allow":["GET"]}}],"collection":[{"href":"https:\/\/linitiative.ca\/International\/wp-json\/wp\/v2\/posts"}],"about":[{"href":"https:\/\/linitiative.ca\/International\/wp-json\/wp\/v2\/types\/post"}],"author":[{"embeddable":true,"href":"https:\/\/linitiative.ca\/International\/wp-json\/wp\/v2\/users\/1788"}],"replies":[{"embeddable":true,"href":"https:\/\/linitiative.ca\/International\/wp-json\/wp\/v2\/comments?post=145019"}],"version-history":[{"count":0,"href":"https:\/\/linitiative.ca\/International\/wp-json\/wp\/v2\/posts\/145019\/revisions"}],"wp:attachment":[{"href":"https:\/\/linitiative.ca\/International\/wp-json\/wp\/v2\/media?parent=145019"}],"wp:term":[{"taxonomy":"category","embeddable":true,"href":"https:\/\/linitiative.ca\/International\/wp-json\/wp\/v2\/categories?post=145019"},{"taxonomy":"post_tag","embeddable":true,"href":"https:\/\/linitiative.ca\/International\/wp-json\/wp\/v2\/tags?post=145019"}],"curies":[{"name":"wp","href":"https:\/\/api.w.org\/{rel}","templated":true}]}}