{"id":145021,"date":"2022-04-08T14:03:35","date_gmt":"2022-04-08T18:03:35","guid":{"rendered":"https:\/\/linitiative.ca\/International\/previsions-meteorologiques-pour-samedi-09-avril\/"},"modified":"2022-04-08T14:03:35","modified_gmt":"2022-04-08T18:03:35","slug":"previsions-meteorologiques-pour-samedi-09-avril","status":"publish","type":"post","link":"https:\/\/linitiative.ca\/International\/previsions-meteorologiques-pour-samedi-09-avril\/","title":{"rendered":"Pr\u00e9visions m\u00e9t\u00e9orologiques pour samedi 09 avril"},"content":{"rendered":"<div>\n<div style=\"margin-bottom:20px;\"><img loading=\"lazy\" decoding=\"async\" width=\"750\" height=\"430\" src=\"https:\/\/linitiative.ca\/International\/wp-content\/uploads\/sites\/23\/2022\/04\/Une-branche-de-vigne-luttant-pour-sa-part-de-soleil-C3A0-Tinghir-750C397430-MAP.jpg\" class=\"attachment-post-thumbnail size-post-thumbnail wp-post-image\" alt=\"\" srcset=\"https:\/\/linitiative.ca\/International\/wp-content\/uploads\/sites\/23\/2022\/04\/Une-branche-de-vigne-luttant-pour-sa-part-de-soleil-C3A0-Tinghir-750C397430-MAP.jpg 750w, https:\/\/www.mapoujda.ma\/map\/uploads\/2021\/08\/Une-branche-de-vigne-luttant-pour-sa-part-de-soleil-\u00e0-Tinghir-750\u00d7430-MAP-300x172.jpg 300w\" sizes=\"auto, (max-width: 750px) 100vw, 750px\"><\/div>\n<div class=\"single-post-excerpt post-excerpt-bc\">\n<p style=\"text-align: justify;\">Voici les pr\u00e9visions m\u00e9t\u00e9orologiques pr\u00e9vues pour samedi 09 avril, \u00e9tablies par la Direction G\u00e9n\u00e9rale de la m\u00e9t\u00e9orologie:<\/p>\n<p style=\"text-align: justify;\">\u2013 Formations brumeuses par endroits sur les plaines Nord et Centre, Oulm\u00e8s et le Saiss.<\/p>\n<p style=\"text-align: justify;\">\u2013 Temps toujours assez froid sur l\u2019Atlas et le Rif.<\/p>\n<p style=\"text-align: justify;\">\u2013 Temps stable avec ciel assez d\u00e9gag\u00e9 le jour.<\/p>\n<p style=\"text-align: justify;\">\u2013 Vent faible \u00e0 mod\u00e9r\u00e9 de Sud sur le Sud-Est et de Nord ailleurs.<\/p>\n<p style=\"text-align: justify;\">\u2013 Temp\u00e9ratures minimales de l\u2019ordre de 00\/05\u00b0C sur l\u2019Atlas, 05\/10\u00b0C sur le Rif, l\u2019Oriental, les plateaux de Phosphates et Oulm\u00e8s et le Saiss, 15\/20\u00b0C sur le Sud des provinces sahariennes et de 10\/15\u00b0C ailleurs.<\/p>\n<p style=\"text-align: justify;\">\u2013 Temp\u00e9ratures du jour en hausse.<\/p>\n<p style=\"text-align: justify;\">\u2013 Mer peu agit\u00e9e \u00e0 agit\u00e9e sur la M\u00e9diterran\u00e9e, belle \u00e0 peu agit\u00e9e sur le D\u00e9troit et peu agit\u00e9e \u00e0 agit\u00e9e sur le littoral atlantique.<\/p>\n<\/div>\n<p>L\u2019article <a rel=\"nofollow\" href=\"https:\/\/www.mapoujda.ma\/fr\/previsions-meteorologiques-pour-samedi-09-avril\/\">Pr\u00e9visions m\u00e9t\u00e9orologiques pour samedi 09 avril<\/a> est apparu en premier sur <a rel=\"nofollow\" href=\"https:\/\/www.mapoujda.ma\/fr\">MapOujda<\/a>.<\/p>\n<\/div>\n<p>Auteur: Soufiane ELAHMAR<br \/>\n<a href=\"https:\/\/www.mapoujda.ma\/fr\/previsions-meteorologiques-pour-samedi-09-avril\/\">Cliquez ici pour lire l&rsquo;article depuis sa source.<\/a><\/p>\n","protected":false},"excerpt":{"rendered":"<p>Voici les pr\u00e9visions m\u00e9t\u00e9orologiques pr\u00e9vues pour samedi 09 avril, \u00e9tablies par la Direction G\u00e9n\u00e9rale de la m\u00e9t\u00e9orologie: \u2013 Formations brumeuses par endroits sur les plaines Nord et Centre, Oulm\u00e8s et le Saiss. \u2013 Temps toujours assez froid sur l\u2019Atlas et le Rif. \u2013 Temps stable avec ciel assez d\u00e9gag\u00e9 le jour. \u2013 Vent faible \u00e0 [&hellip;]<\/p>\n","protected":false},"author":1788,"featured_media":0,"comment_status":"closed","ping_status":"closed","sticky":false,"template":"","format":"standard","meta":{"fifu_image_url":"https:\/\/www.mapoujda.ma\/map\/uploads\/2021\/08\/Une-branche-de-vigne-luttant-pour-sa-part-de-soleil-\u00e0-Tinghir-750\u00d7430-MAP.jpg","fifu_image_alt":"Pr\u00e9visions m\u00e9t\u00e9orologiques pour samedi 09 avril","footnotes":""},"categories":[54,76],"tags":[],"class_list":["post-145021","post","type-post","status-publish","format-standard","hentry","category-maroc","category-regions"],"_links":{"self":[{"href":"https:\/\/linitiative.ca\/International\/wp-json\/wp\/v2\/posts\/145021","targetHints":{"allow":["GET"]}}],"collection":[{"href":"https:\/\/linitiative.ca\/International\/wp-json\/wp\/v2\/posts"}],"about":[{"href":"https:\/\/linitiative.ca\/International\/wp-json\/wp\/v2\/types\/post"}],"author":[{"embeddable":true,"href":"https:\/\/linitiative.ca\/International\/wp-json\/wp\/v2\/users\/1788"}],"replies":[{"embeddable":true,"href":"https:\/\/linitiative.ca\/International\/wp-json\/wp\/v2\/comments?post=145021"}],"version-history":[{"count":0,"href":"https:\/\/linitiative.ca\/International\/wp-json\/wp\/v2\/posts\/145021\/revisions"}],"wp:attachment":[{"href":"https:\/\/linitiative.ca\/International\/wp-json\/wp\/v2\/media?parent=145021"}],"wp:term":[{"taxonomy":"category","embeddable":true,"href":"https:\/\/linitiative.ca\/International\/wp-json\/wp\/v2\/categories?post=145021"},{"taxonomy":"post_tag","embeddable":true,"href":"https:\/\/linitiative.ca\/International\/wp-json\/wp\/v2\/tags?post=145021"}],"curies":[{"name":"wp","href":"https:\/\/api.w.org\/{rel}","templated":true}]}}