{"id":145023,"date":"2022-04-08T10:23:57","date_gmt":"2022-04-08T14:23:57","guid":{"rendered":"https:\/\/linitiative.ca\/International\/salmonellose-arret-de-lusine-des-chocolats-kinder-en-belgique\/"},"modified":"2022-04-08T10:23:57","modified_gmt":"2022-04-08T14:23:57","slug":"salmonellose-arret-de-lusine-des-chocolats-kinder-en-belgique","status":"publish","type":"post","link":"https:\/\/linitiative.ca\/International\/salmonellose-arret-de-lusine-des-chocolats-kinder-en-belgique\/","title":{"rendered":"Salmonellose: Arr\u00eat de l&rsquo;usine des chocolats Kinder en Belgique"},"content":{"rendered":"<div>\n<div class=\"field field-name-body field-type-text-with-summary field-label-hidden\">\n<div class=\"field-items\">\n<div class=\"field-item even\" property=\"content:encoded\">\n<p class=\"rtejustify\">Les autorit\u00e9s belges ont d\u00e9cid\u00e9 vendredi de mettre \u00e0 l&rsquo;arr\u00eat l&rsquo;usine de chocolats Kinder \u00e0 l&rsquo;origine de contaminations \u00e0 la salmonelle. L&rsquo;agence de s\u00e9curit\u00e9 alimentaire belge (AFSCA) a annonc\u00e9 avoir ordonn\u00e9 l&rsquo;arr\u00eat de la production de l&rsquo;usine, d\u00e9plorant \u00ab\u00a0les informations incompl\u00e8tes\u00a0\u00bb fournies par le g\u00e9ant italien de la confiserie Ferrero.<\/p>\n<\/div>\n<\/div>\n<\/div>\n<\/div>\n<p>Auteur: hgueye<br \/>\n<a href=\"https:\/\/www.leconomiste.com\/flash-infos\/salmonellose-arret-de-l-usine-des-chocolats-kinder-en-belgique\">Cliquez ici pour lire l&rsquo;article depuis sa source.<\/a><\/p>\n","protected":false},"excerpt":{"rendered":"<p>Les autorit\u00e9s belges ont d\u00e9cid\u00e9 vendredi de mettre \u00e0 l&rsquo;arr\u00eat l&rsquo;usine de chocolats Kinder \u00e0 l&rsquo;origine de contaminations \u00e0 la salmonelle. L&rsquo;agence de s\u00e9curit\u00e9 alimentaire belge (AFSCA) a annonc\u00e9 avoir ordonn\u00e9 l&rsquo;arr\u00eat de la production de l&rsquo;usine, d\u00e9plorant \u00ab\u00a0les informations incompl\u00e8tes\u00a0\u00bb fournies par le g\u00e9ant italien de la confiserie Ferrero. Auteur: hgueye Cliquez ici pour [&hellip;]<\/p>\n","protected":false},"author":1763,"featured_media":0,"comment_status":"closed","ping_status":"closed","sticky":false,"template":"","format":"standard","meta":{"fifu_image_url":"","fifu_image_alt":"","footnotes":""},"categories":[78,54],"tags":[],"class_list":["post-145023","post","type-post","status-publish","format-standard","hentry","category-economie","category-maroc"],"_links":{"self":[{"href":"https:\/\/linitiative.ca\/International\/wp-json\/wp\/v2\/posts\/145023","targetHints":{"allow":["GET"]}}],"collection":[{"href":"https:\/\/linitiative.ca\/International\/wp-json\/wp\/v2\/posts"}],"about":[{"href":"https:\/\/linitiative.ca\/International\/wp-json\/wp\/v2\/types\/post"}],"author":[{"embeddable":true,"href":"https:\/\/linitiative.ca\/International\/wp-json\/wp\/v2\/users\/1763"}],"replies":[{"embeddable":true,"href":"https:\/\/linitiative.ca\/International\/wp-json\/wp\/v2\/comments?post=145023"}],"version-history":[{"count":0,"href":"https:\/\/linitiative.ca\/International\/wp-json\/wp\/v2\/posts\/145023\/revisions"}],"wp:attachment":[{"href":"https:\/\/linitiative.ca\/International\/wp-json\/wp\/v2\/media?parent=145023"}],"wp:term":[{"taxonomy":"category","embeddable":true,"href":"https:\/\/linitiative.ca\/International\/wp-json\/wp\/v2\/categories?post=145023"},{"taxonomy":"post_tag","embeddable":true,"href":"https:\/\/linitiative.ca\/International\/wp-json\/wp\/v2\/tags?post=145023"}],"curies":[{"name":"wp","href":"https:\/\/api.w.org\/{rel}","templated":true}]}}