{"id":145024,"date":"2022-04-08T10:33:54","date_gmt":"2022-04-08T14:33:54","guid":{"rendered":"https:\/\/linitiative.ca\/International\/chambre-des-representants-les-questions-orales-traduites-en-amazigh\/"},"modified":"2022-04-08T10:33:54","modified_gmt":"2022-04-08T14:33:54","slug":"chambre-des-representants-les-questions-orales-traduites-en-amazigh","status":"publish","type":"post","link":"https:\/\/linitiative.ca\/International\/chambre-des-representants-les-questions-orales-traduites-en-amazigh\/","title":{"rendered":"Chambre des repr\u00e9sentants: les questions orales traduites en amazigh"},"content":{"rendered":"<div>\n<div class=\"field field-name-body field-type-text-with-summary field-label-hidden\">\n<div class=\"field-items\">\n<div class=\"field-item even\" property=\"content:encoded\">\n<p class=\"rtejustify\">Les questions orales \u00e0 la Chambre des Repr\u00e9sentants seront simultan\u00e9ment traduites en arabe et en amazigh \u00e0 partir de la semaine prochaine. Le\u00a0Pr\u00e9sident de ladite\u00a0Chambre, Rachid Talbi Alami a annonc\u00e9 officiellement l\u2019adoption de la traduction simultan\u00e9e en langue arabe et amazighe lors des sessions pl\u00e9ni\u00e8res hebdomadaire, consacr\u00e9es aux questions orales et de la session pl\u00e9ni\u00e8re mensuelle consacr\u00e9e aux questions orales adress\u00e9es au chef du gouvernement \u00e0 partir de lundi 11 avril.<\/p>\n<\/div>\n<\/div>\n<\/div>\n<\/div>\n<p>Auteur: hgueye<br \/>\n<a href=\"https:\/\/www.leconomiste.com\/flash-infos\/chambre-des-representants-les-questions-orales-traduites-en-amazigh\">Cliquez ici pour lire l&rsquo;article depuis sa source.<\/a><\/p>\n","protected":false},"excerpt":{"rendered":"<p>Les questions orales \u00e0 la Chambre des Repr\u00e9sentants seront simultan\u00e9ment traduites en arabe et en amazigh \u00e0 partir de la semaine prochaine. Le\u00a0Pr\u00e9sident de ladite\u00a0Chambre, Rachid Talbi Alami a annonc\u00e9 officiellement l\u2019adoption de la traduction simultan\u00e9e en langue arabe et amazighe lors des sessions pl\u00e9ni\u00e8res hebdomadaire, consacr\u00e9es aux questions orales et de la session pl\u00e9ni\u00e8re [&hellip;]<\/p>\n","protected":false},"author":1763,"featured_media":0,"comment_status":"closed","ping_status":"closed","sticky":false,"template":"","format":"standard","meta":{"fifu_image_url":"","fifu_image_alt":"","footnotes":""},"categories":[78,54],"tags":[],"class_list":["post-145024","post","type-post","status-publish","format-standard","hentry","category-economie","category-maroc"],"_links":{"self":[{"href":"https:\/\/linitiative.ca\/International\/wp-json\/wp\/v2\/posts\/145024","targetHints":{"allow":["GET"]}}],"collection":[{"href":"https:\/\/linitiative.ca\/International\/wp-json\/wp\/v2\/posts"}],"about":[{"href":"https:\/\/linitiative.ca\/International\/wp-json\/wp\/v2\/types\/post"}],"author":[{"embeddable":true,"href":"https:\/\/linitiative.ca\/International\/wp-json\/wp\/v2\/users\/1763"}],"replies":[{"embeddable":true,"href":"https:\/\/linitiative.ca\/International\/wp-json\/wp\/v2\/comments?post=145024"}],"version-history":[{"count":0,"href":"https:\/\/linitiative.ca\/International\/wp-json\/wp\/v2\/posts\/145024\/revisions"}],"wp:attachment":[{"href":"https:\/\/linitiative.ca\/International\/wp-json\/wp\/v2\/media?parent=145024"}],"wp:term":[{"taxonomy":"category","embeddable":true,"href":"https:\/\/linitiative.ca\/International\/wp-json\/wp\/v2\/categories?post=145024"},{"taxonomy":"post_tag","embeddable":true,"href":"https:\/\/linitiative.ca\/International\/wp-json\/wp\/v2\/tags?post=145024"}],"curies":[{"name":"wp","href":"https:\/\/api.w.org\/{rel}","templated":true}]}}