{"id":145025,"date":"2022-04-08T10:54:06","date_gmt":"2022-04-08T14:54:06","guid":{"rendered":"https:\/\/linitiative.ca\/International\/developpement-durable-cdg-se-dote-dune-charte\/"},"modified":"2022-04-08T10:54:06","modified_gmt":"2022-04-08T14:54:06","slug":"developpement-durable-cdg-se-dote-dune-charte","status":"publish","type":"post","link":"https:\/\/linitiative.ca\/International\/developpement-durable-cdg-se-dote-dune-charte\/","title":{"rendered":"D\u00e9veloppement durable: CDG se dote d\u2019une charte"},"content":{"rendered":"<div>\n<div class=\"field field-name-body field-type-text-with-summary field-label-hidden\">\n<div class=\"field-items\">\n<div class=\"field-item even\" property=\"content:encoded\">\n<p class=\"rtejustify\">Le Groupe CDG r\u00e9it\u00e8re son engagement en faveur des enjeux soci\u00e9taux et environnementaux en se dotant d\u2019une charte de d\u00e9veloppement durable. Avec cette initiative, le groupe entend int\u00e9grer les d\u00e9fis et principes du d\u00e9veloppement durable dans ses d\u00e9cisions et activit\u00e9s, \u00ab\u00a0afin d\u2019en maximiser les impacts positifs et durables\u00a0\u00bb.<\/p>\n<\/div>\n<\/div>\n<\/div>\n<\/div>\n<p>Auteur: hgueye<br \/>\n<a href=\"https:\/\/www.leconomiste.com\/flash-infos\/developpement-durable-cdg-se-dote-d-une-charte\">Cliquez ici pour lire l&rsquo;article depuis sa source.<\/a><\/p>\n","protected":false},"excerpt":{"rendered":"<p>Le Groupe CDG r\u00e9it\u00e8re son engagement en faveur des enjeux soci\u00e9taux et environnementaux en se dotant d\u2019une charte de d\u00e9veloppement durable. Avec cette initiative, le groupe entend int\u00e9grer les d\u00e9fis et principes du d\u00e9veloppement durable dans ses d\u00e9cisions et activit\u00e9s, \u00ab\u00a0afin d\u2019en maximiser les impacts positifs et durables\u00a0\u00bb. Auteur: hgueye Cliquez ici pour lire l&rsquo;article [&hellip;]<\/p>\n","protected":false},"author":1763,"featured_media":0,"comment_status":"closed","ping_status":"closed","sticky":false,"template":"","format":"standard","meta":{"fifu_image_url":"","fifu_image_alt":"","footnotes":""},"categories":[78,54],"tags":[],"class_list":["post-145025","post","type-post","status-publish","format-standard","hentry","category-economie","category-maroc"],"_links":{"self":[{"href":"https:\/\/linitiative.ca\/International\/wp-json\/wp\/v2\/posts\/145025","targetHints":{"allow":["GET"]}}],"collection":[{"href":"https:\/\/linitiative.ca\/International\/wp-json\/wp\/v2\/posts"}],"about":[{"href":"https:\/\/linitiative.ca\/International\/wp-json\/wp\/v2\/types\/post"}],"author":[{"embeddable":true,"href":"https:\/\/linitiative.ca\/International\/wp-json\/wp\/v2\/users\/1763"}],"replies":[{"embeddable":true,"href":"https:\/\/linitiative.ca\/International\/wp-json\/wp\/v2\/comments?post=145025"}],"version-history":[{"count":0,"href":"https:\/\/linitiative.ca\/International\/wp-json\/wp\/v2\/posts\/145025\/revisions"}],"wp:attachment":[{"href":"https:\/\/linitiative.ca\/International\/wp-json\/wp\/v2\/media?parent=145025"}],"wp:term":[{"taxonomy":"category","embeddable":true,"href":"https:\/\/linitiative.ca\/International\/wp-json\/wp\/v2\/categories?post=145025"},{"taxonomy":"post_tag","embeddable":true,"href":"https:\/\/linitiative.ca\/International\/wp-json\/wp\/v2\/tags?post=145025"}],"curies":[{"name":"wp","href":"https:\/\/api.w.org\/{rel}","templated":true}]}}