{"id":145027,"date":"2022-04-08T11:25:29","date_gmt":"2022-04-08T15:25:29","guid":{"rendered":"https:\/\/linitiative.ca\/International\/ficc-neila-tazi-et-abdelkader-retnani-rempilent\/"},"modified":"2022-04-08T11:25:29","modified_gmt":"2022-04-08T15:25:29","slug":"ficc-neila-tazi-et-abdelkader-retnani-rempilent","status":"publish","type":"post","link":"https:\/\/linitiative.ca\/International\/ficc-neila-tazi-et-abdelkader-retnani-rempilent\/","title":{"rendered":"FICC: Neila Tazi et Abdelkader Retnani rempilent"},"content":{"rendered":"<div>\n<div class=\"field field-name-body field-type-text-with-summary field-label-hidden\">\n<div class=\"field-items\">\n<div class=\"field-item even\" property=\"content:encoded\">\n<p class=\"rtejustify\">Neila Tazi rempile \u00e0 la t\u00eate de la F\u00e9d\u00e9ration des industries culturelles et cr\u00e9atives (FICC). Le bin\u00f4me qu&rsquo;elle forme avec Abdelkader Retnani a \u00e9t\u00e9 \u00e9lu \u00e0 l&rsquo;unanimit\u00e9, pour un second mandat, lors de l\u2019Assembl\u00e9e g\u00e9n\u00e9rale ordinaire et \u00e9lective (AGOE) de la F\u00e9d\u00e9ration des Industries Culturelles et Cr\u00e9atives (FICC), qui s\u2019est tenue lundi dernier au si\u00e8ge de la Conf\u00e9d\u00e9ration g\u00e9n\u00e9rale des entreprises du Maroc (CGEM).<\/p>\n<\/div>\n<\/div>\n<\/div>\n<\/div>\n<p>Auteur: hgueye<br \/>\n<a href=\"https:\/\/www.leconomiste.com\/flash-infos\/ficc-neila-tazi-et-abdelkader-retnani-rempilent\">Cliquez ici pour lire l&rsquo;article depuis sa source.<\/a><\/p>\n","protected":false},"excerpt":{"rendered":"<p>Neila Tazi rempile \u00e0 la t\u00eate de la F\u00e9d\u00e9ration des industries culturelles et cr\u00e9atives (FICC). Le bin\u00f4me qu&rsquo;elle forme avec Abdelkader Retnani a \u00e9t\u00e9 \u00e9lu \u00e0 l&rsquo;unanimit\u00e9, pour un second mandat, lors de l\u2019Assembl\u00e9e g\u00e9n\u00e9rale ordinaire et \u00e9lective (AGOE) de la F\u00e9d\u00e9ration des Industries Culturelles et Cr\u00e9atives (FICC), qui s\u2019est tenue lundi dernier au si\u00e8ge [&hellip;]<\/p>\n","protected":false},"author":1763,"featured_media":0,"comment_status":"closed","ping_status":"closed","sticky":false,"template":"","format":"standard","meta":{"fifu_image_url":"","fifu_image_alt":"","footnotes":""},"categories":[78,54],"tags":[],"class_list":["post-145027","post","type-post","status-publish","format-standard","hentry","category-economie","category-maroc"],"_links":{"self":[{"href":"https:\/\/linitiative.ca\/International\/wp-json\/wp\/v2\/posts\/145027","targetHints":{"allow":["GET"]}}],"collection":[{"href":"https:\/\/linitiative.ca\/International\/wp-json\/wp\/v2\/posts"}],"about":[{"href":"https:\/\/linitiative.ca\/International\/wp-json\/wp\/v2\/types\/post"}],"author":[{"embeddable":true,"href":"https:\/\/linitiative.ca\/International\/wp-json\/wp\/v2\/users\/1763"}],"replies":[{"embeddable":true,"href":"https:\/\/linitiative.ca\/International\/wp-json\/wp\/v2\/comments?post=145027"}],"version-history":[{"count":0,"href":"https:\/\/linitiative.ca\/International\/wp-json\/wp\/v2\/posts\/145027\/revisions"}],"wp:attachment":[{"href":"https:\/\/linitiative.ca\/International\/wp-json\/wp\/v2\/media?parent=145027"}],"wp:term":[{"taxonomy":"category","embeddable":true,"href":"https:\/\/linitiative.ca\/International\/wp-json\/wp\/v2\/categories?post=145027"},{"taxonomy":"post_tag","embeddable":true,"href":"https:\/\/linitiative.ca\/International\/wp-json\/wp\/v2\/tags?post=145027"}],"curies":[{"name":"wp","href":"https:\/\/api.w.org\/{rel}","templated":true}]}}