{"id":145030,"date":"2022-04-08T11:48:00","date_gmt":"2022-04-08T15:48:00","guid":{"rendered":"https:\/\/linitiative.ca\/International\/brest-youcef-belaili-enfin-de-retour\/"},"modified":"2022-04-08T11:48:00","modified_gmt":"2022-04-08T15:48:00","slug":"brest-youcef-belaili-enfin-de-retour","status":"publish","type":"post","link":"https:\/\/linitiative.ca\/International\/brest-youcef-belaili-enfin-de-retour\/","title":{"rendered":"Brest: Youcef Bela\u00efli enfin de retour"},"content":{"rendered":"<div>Tout le monde est sur le pont. J\u00e9r\u00e9my Le Douaron et Youcef Bela\u00efli ont repris l&rsquo;entra\u00eenement cette semaine&#8230;<\/div>\n<p>Auteur:<br \/>\n<a href=\"https:\/\/www.lebuteur.com\/article\/detail?titre=brest-youcef-belaili-enfin-de-retour&#038;id=102660\">Cliquez ici pour lire l&rsquo;article depuis sa source.<\/a><\/p>\n","protected":false},"excerpt":{"rendered":"<p>Tout le monde est sur le pont. J\u00e9r\u00e9my Le Douaron et Youcef Bela\u00efli ont repris l&rsquo;entra\u00eenement cette semaine&#8230; Auteur: Cliquez ici pour lire l&rsquo;article depuis sa source.<\/p>\n","protected":false},"author":1738,"featured_media":0,"comment_status":"closed","ping_status":"closed","sticky":false,"template":"","format":"standard","meta":{"fifu_image_url":"","fifu_image_alt":"","footnotes":""},"categories":[53,75],"tags":[],"class_list":["post-145030","post","type-post","status-publish","format-standard","hentry","category-algerie","category-sport"],"_links":{"self":[{"href":"https:\/\/linitiative.ca\/International\/wp-json\/wp\/v2\/posts\/145030","targetHints":{"allow":["GET"]}}],"collection":[{"href":"https:\/\/linitiative.ca\/International\/wp-json\/wp\/v2\/posts"}],"about":[{"href":"https:\/\/linitiative.ca\/International\/wp-json\/wp\/v2\/types\/post"}],"author":[{"embeddable":true,"href":"https:\/\/linitiative.ca\/International\/wp-json\/wp\/v2\/users\/1738"}],"replies":[{"embeddable":true,"href":"https:\/\/linitiative.ca\/International\/wp-json\/wp\/v2\/comments?post=145030"}],"version-history":[{"count":0,"href":"https:\/\/linitiative.ca\/International\/wp-json\/wp\/v2\/posts\/145030\/revisions"}],"wp:attachment":[{"href":"https:\/\/linitiative.ca\/International\/wp-json\/wp\/v2\/media?parent=145030"}],"wp:term":[{"taxonomy":"category","embeddable":true,"href":"https:\/\/linitiative.ca\/International\/wp-json\/wp\/v2\/categories?post=145030"},{"taxonomy":"post_tag","embeddable":true,"href":"https:\/\/linitiative.ca\/International\/wp-json\/wp\/v2\/tags?post=145030"}],"curies":[{"name":"wp","href":"https:\/\/api.w.org\/{rel}","templated":true}]}}