{"id":145034,"date":"2022-04-08T17:04:43","date_gmt":"2022-04-08T21:04:43","guid":{"rendered":"https:\/\/linitiative.ca\/International\/ceremonie-daccueil-maorie-en-lhonneur-du-nouvel-ambassadeur-de-tunisie-en-nouvelle-zelande-riadh-dridi-album-photos\/"},"modified":"2022-04-08T17:04:43","modified_gmt":"2022-04-08T21:04:43","slug":"ceremonie-daccueil-maorie-en-lhonneur-du-nouvel-ambassadeur-de-tunisie-en-nouvelle-zelande-riadh-dridi-album-photos","status":"publish","type":"post","link":"https:\/\/linitiative.ca\/International\/ceremonie-daccueil-maorie-en-lhonneur-du-nouvel-ambassadeur-de-tunisie-en-nouvelle-zelande-riadh-dridi-album-photos\/","title":{"rendered":"C\u00e9r\u00e9monie d\u2019accueil Maorie en l\u2019honneur du nouvel ambassadeur de Tunisie en Nouvelle Z\u00e9lande, Riadh Dridi (Album photos)"},"content":{"rendered":"<div><img decoding=\"async\" src=\"https:\/\/linitiative.ca\/International\/wp-content\/uploads\/sites\/23\/2022\/04\/1649317659_article.jpg\" alt=\" C\u00e9r\u00e9monie d\u2019accueil Maorie en l\u2019honneur du nouvel ambassadeur de Tunisie en Nouvelle Z\u00e9lande, Riadh Dridi (Album photos)\" align=\"left\">La pr\u00e9sentation des lettres de cr\u00e9ances d\u2019un nouvel ambassadeur au Royaume de Nouvelle Z\u00e9lande est haute en couleur. La c\u00e9r\u00e9monie d\u2019accueil au si\u00e8ge du Gouverneur g\u00e9n\u00e9ral, \u00e0 Wellington commence en pur style Maori par un d\u00e9fi traditionnel, puis le passage en revue de la Garde d\u2019honneur, avant d\u2019entrer au palais. Nouvel ambassadeur de Tunisie (avec r\u00e9sidence \u00e0 Jakarta), Riadh Dridi \u00e9tait accueilli hier mercredi avec tous les honneurs, avant d\u2019\u00eatre re\u00e7u par la Tr\u00e8s Honorable Dame Cindy Kiro, GNZM, QSO, Gouverneur g\u00e9n\u00e9ral et Commandant en chef dans et au-dessus du Royaume de Nouvelle-Z\u00e9lande.<br \/>\n\u00a0<\/p>\n<p>Wellington est la capitale la plus \u00e9loign\u00e9e de Tunisie dans le &#8230;<\/p>\n<\/div>\n<p>Auteur:<br \/>\n<a href=\"https:\/\/www.leaders.com.tn\/article\/33205-ceremonie-d-accueil-maorie-en-l-honneur-du-nouvel-ambassadeur-de-tunisie-en-nouvelle-zelande-riadh-dridi-album-photos\">Cliquez ici pour lire l&rsquo;article depuis sa source.<\/a><\/p>\n","protected":false},"excerpt":{"rendered":"<p>La pr\u00e9sentation des lettres de cr\u00e9ances d\u2019un nouvel ambassadeur au Royaume de Nouvelle Z\u00e9lande est haute en couleur. La c\u00e9r\u00e9monie d\u2019accueil au si\u00e8ge du Gouverneur g\u00e9n\u00e9ral, \u00e0 Wellington commence en pur style Maori par un d\u00e9fi traditionnel, puis le passage en revue de la Garde d\u2019honneur, avant d\u2019entrer au palais. Nouvel ambassadeur de Tunisie (avec [&hellip;]<\/p>\n","protected":false},"author":1772,"featured_media":0,"comment_status":"closed","ping_status":"closed","sticky":false,"template":"","format":"standard","meta":{"fifu_image_url":"http:\/\/www.leaders.com.tn\/uploads\/content\/thumbnails_small\/1649317659_article.jpg","fifu_image_alt":"C\u00e9r\u00e9monie d\u2019accueil Maorie en l\u2019honneur du nouvel ambassadeur de Tunisie en Nouvelle Z\u00e9lande, Riadh Dridi (Album photos)","footnotes":""},"categories":[73,55],"tags":[],"class_list":["post-145034","post","type-post","status-publish","format-standard","hentry","category-actualite","category-tunisie"],"_links":{"self":[{"href":"https:\/\/linitiative.ca\/International\/wp-json\/wp\/v2\/posts\/145034","targetHints":{"allow":["GET"]}}],"collection":[{"href":"https:\/\/linitiative.ca\/International\/wp-json\/wp\/v2\/posts"}],"about":[{"href":"https:\/\/linitiative.ca\/International\/wp-json\/wp\/v2\/types\/post"}],"author":[{"embeddable":true,"href":"https:\/\/linitiative.ca\/International\/wp-json\/wp\/v2\/users\/1772"}],"replies":[{"embeddable":true,"href":"https:\/\/linitiative.ca\/International\/wp-json\/wp\/v2\/comments?post=145034"}],"version-history":[{"count":0,"href":"https:\/\/linitiative.ca\/International\/wp-json\/wp\/v2\/posts\/145034\/revisions"}],"wp:attachment":[{"href":"https:\/\/linitiative.ca\/International\/wp-json\/wp\/v2\/media?parent=145034"}],"wp:term":[{"taxonomy":"category","embeddable":true,"href":"https:\/\/linitiative.ca\/International\/wp-json\/wp\/v2\/categories?post=145034"},{"taxonomy":"post_tag","embeddable":true,"href":"https:\/\/linitiative.ca\/International\/wp-json\/wp\/v2\/tags?post=145034"}],"curies":[{"name":"wp","href":"https:\/\/api.w.org\/{rel}","templated":true}]}}