{"id":145036,"date":"2022-04-08T17:04:47","date_gmt":"2022-04-08T21:04:47","guid":{"rendered":"https:\/\/linitiative.ca\/International\/pourquoi-il-faut-absolument-valoriser-testour-lettre-aux-politiques\/"},"modified":"2022-04-08T17:04:47","modified_gmt":"2022-04-08T21:04:47","slug":"pourquoi-il-faut-absolument-valoriser-testour-lettre-aux-politiques","status":"publish","type":"post","link":"https:\/\/linitiative.ca\/International\/pourquoi-il-faut-absolument-valoriser-testour-lettre-aux-politiques\/","title":{"rendered":"Pourquoi il faut absolument valoriser Testour: Lettre aux politiques"},"content":{"rendered":"<div><img decoding=\"async\" src=\"https:\/\/linitiative.ca\/International\/wp-content\/uploads\/sites\/23\/2022\/04\/1649326598_article.jpg\" alt=\"Pourquoi il faut absolument valoriser Testour: Lettre aux politiques\" align=\"left\">Par Samia Kassab &#8211; C\u2019est l\u2019histoire d\u2019une petite ville de 22 000 habitants qui r\u00e9siste comme elle peut \u00e0 la r\u00e9cession cons\u00e9cutive \u00e0 la crise sanitaire, une ville qui, forte d\u2019un pass\u00e9 tr\u00e8s singulier, subit pourtant les al\u00e9as engendr\u00e9s par la longue marginalisation de ces r\u00e9gions du Centre et du Nord-Ouest de la Tunisie, et ce malgr\u00e9 la relative aisance agricole du secteur.<br \/>\n\u00c0 la crois\u00e9e des routes, Testour a cependant eu, tout r\u00e9cemment, l\u2019opportunit\u00e9 de revaloriser son patrimoine et de moderniser ses infrastructures en r\u00e9pondant \u00e0 un Appel \u00e0 projets mixte, cofinanc\u00e9 par le Minist\u00e8re de l\u2019\u00c9quipement et par l\u2019AFD (Agence Fran\u00e7aise de D\u00e9veloppement) ainsi &#8230;<\/p>\n<\/div>\n<p>Auteur:<br \/>\n<a href=\"https:\/\/www.leaders.com.tn\/article\/33206-pourquoi-il-faut-absolument-valoriser-testour-lettre-aux-politiques\">Cliquez ici pour lire l&rsquo;article depuis sa source.<\/a><\/p>\n","protected":false},"excerpt":{"rendered":"<p>Par Samia Kassab &#8211; C\u2019est l\u2019histoire d\u2019une petite ville de 22 000 habitants qui r\u00e9siste comme elle peut \u00e0 la r\u00e9cession cons\u00e9cutive \u00e0 la crise sanitaire, une ville qui, forte d\u2019un pass\u00e9 tr\u00e8s singulier, subit pourtant les al\u00e9as engendr\u00e9s par la longue marginalisation de ces r\u00e9gions du Centre et du Nord-Ouest de la Tunisie, et [&hellip;]<\/p>\n","protected":false},"author":1772,"featured_media":0,"comment_status":"closed","ping_status":"closed","sticky":false,"template":"","format":"standard","meta":{"fifu_image_url":"http:\/\/www.leaders.com.tn\/uploads\/content\/thumbnails_small\/1649326598_article.jpg","fifu_image_alt":"Pourquoi il faut absolument valoriser Testour: Lettre aux politiques","footnotes":""},"categories":[73,55],"tags":[],"class_list":["post-145036","post","type-post","status-publish","format-standard","hentry","category-actualite","category-tunisie"],"_links":{"self":[{"href":"https:\/\/linitiative.ca\/International\/wp-json\/wp\/v2\/posts\/145036","targetHints":{"allow":["GET"]}}],"collection":[{"href":"https:\/\/linitiative.ca\/International\/wp-json\/wp\/v2\/posts"}],"about":[{"href":"https:\/\/linitiative.ca\/International\/wp-json\/wp\/v2\/types\/post"}],"author":[{"embeddable":true,"href":"https:\/\/linitiative.ca\/International\/wp-json\/wp\/v2\/users\/1772"}],"replies":[{"embeddable":true,"href":"https:\/\/linitiative.ca\/International\/wp-json\/wp\/v2\/comments?post=145036"}],"version-history":[{"count":0,"href":"https:\/\/linitiative.ca\/International\/wp-json\/wp\/v2\/posts\/145036\/revisions"}],"wp:attachment":[{"href":"https:\/\/linitiative.ca\/International\/wp-json\/wp\/v2\/media?parent=145036"}],"wp:term":[{"taxonomy":"category","embeddable":true,"href":"https:\/\/linitiative.ca\/International\/wp-json\/wp\/v2\/categories?post=145036"},{"taxonomy":"post_tag","embeddable":true,"href":"https:\/\/linitiative.ca\/International\/wp-json\/wp\/v2\/tags?post=145036"}],"curies":[{"name":"wp","href":"https:\/\/api.w.org\/{rel}","templated":true}]}}