{"id":145040,"date":"2022-04-08T05:03:00","date_gmt":"2022-04-08T09:03:00","guid":{"rendered":"https:\/\/linitiative.ca\/International\/tunisie-et-lamandier-aura-son-festival\/"},"modified":"2022-04-08T05:03:00","modified_gmt":"2022-04-08T09:03:00","slug":"tunisie-et-lamandier-aura-son-festival","status":"publish","type":"post","link":"https:\/\/linitiative.ca\/International\/tunisie-et-lamandier-aura-son-festival\/","title":{"rendered":"Tunisie: \u2026 Et l\u2019amandier aura son festival"},"content":{"rendered":"<div><img decoding=\"async\" src=\"https:\/\/linitiative.ca\/International\/wp-content\/uploads\/sites\/23\/2022\/04\/1648916657_article.jpg\" alt=\"Tunisie: \u2026 Et l\u2019amandier aura son festival\" align=\"left\">Comment c\u00e9l\u00e9brer l\u2019amandier, faire conna\u00eetre ses vari\u00e9t\u00e9s et valoriser les diff\u00e9rentes utilisations de son fruit? L\u2019association des propri\u00e9taires des anciennes demeures, implant\u00e9e \u00e0 Sfax, a eu l\u2019heureuse initiative de lui d\u00e9dier un festival. Pr\u00e9vu mi-mai prochain, sous la f\u00e9rule de Radhia Kamoun Megdiche, il se d\u00e9roulera dans le jnen de Borj El Kallel, et comprendra des stands d\u2019exposition et une s\u00e9rie de pr\u00e9sentations et d\u2019animations qui s\u2019annoncent attractives.<br \/>\nTroisi\u00e8me esp\u00e8ce fruiti\u00e8re cultiv\u00e9e en Tunisie, au m\u00eame rang que les agrumes et les dattes, l\u2019amandier remonte aux origines agricoles ancestrales. Occupant 217 000 ha et produisant pr\u00e8s de 60 000 &#8230;<\/p>\n<\/div>\n<p>Auteur:<br \/>\n<a href=\"https:\/\/www.leaders.com.tn\/article\/33176-tunisie-et-l-amandier-aura-son-festival\">Cliquez ici pour lire l&rsquo;article depuis sa source.<\/a><\/p>\n","protected":false},"excerpt":{"rendered":"<p>Comment c\u00e9l\u00e9brer l\u2019amandier, faire conna\u00eetre ses vari\u00e9t\u00e9s et valoriser les diff\u00e9rentes utilisations de son fruit? L\u2019association des propri\u00e9taires des anciennes demeures, implant\u00e9e \u00e0 Sfax, a eu l\u2019heureuse initiative de lui d\u00e9dier un festival. Pr\u00e9vu mi-mai prochain, sous la f\u00e9rule de Radhia Kamoun Megdiche, il se d\u00e9roulera dans le jnen de Borj El Kallel, et comprendra [&hellip;]<\/p>\n","protected":false},"author":1772,"featured_media":0,"comment_status":"closed","ping_status":"closed","sticky":false,"template":"","format":"standard","meta":{"fifu_image_url":"http:\/\/www.leaders.com.tn\/uploads\/content\/thumbnails_small\/1648916657_article.jpg","fifu_image_alt":"Tunisie: \u2026 Et l\u2019amandier aura son festival","footnotes":""},"categories":[73,55],"tags":[],"class_list":["post-145040","post","type-post","status-publish","format-standard","hentry","category-actualite","category-tunisie"],"_links":{"self":[{"href":"https:\/\/linitiative.ca\/International\/wp-json\/wp\/v2\/posts\/145040","targetHints":{"allow":["GET"]}}],"collection":[{"href":"https:\/\/linitiative.ca\/International\/wp-json\/wp\/v2\/posts"}],"about":[{"href":"https:\/\/linitiative.ca\/International\/wp-json\/wp\/v2\/types\/post"}],"author":[{"embeddable":true,"href":"https:\/\/linitiative.ca\/International\/wp-json\/wp\/v2\/users\/1772"}],"replies":[{"embeddable":true,"href":"https:\/\/linitiative.ca\/International\/wp-json\/wp\/v2\/comments?post=145040"}],"version-history":[{"count":0,"href":"https:\/\/linitiative.ca\/International\/wp-json\/wp\/v2\/posts\/145040\/revisions"}],"wp:attachment":[{"href":"https:\/\/linitiative.ca\/International\/wp-json\/wp\/v2\/media?parent=145040"}],"wp:term":[{"taxonomy":"category","embeddable":true,"href":"https:\/\/linitiative.ca\/International\/wp-json\/wp\/v2\/categories?post=145040"},{"taxonomy":"post_tag","embeddable":true,"href":"https:\/\/linitiative.ca\/International\/wp-json\/wp\/v2\/tags?post=145040"}],"curies":[{"name":"wp","href":"https:\/\/api.w.org\/{rel}","templated":true}]}}