{"id":145042,"date":"2022-04-08T06:41:00","date_gmt":"2022-04-08T10:41:00","guid":{"rendered":"https:\/\/linitiative.ca\/International\/tetiana-peresada-ukrainienne-vivant-en-tunisie-je-vis-encore-a-lheure-du-24-fevrier-sans-jamais-desesperer-de-la-victoire\/"},"modified":"2022-04-08T06:41:00","modified_gmt":"2022-04-08T10:41:00","slug":"tetiana-peresada-ukrainienne-vivant-en-tunisie-je-vis-encore-a-lheure-du-24-fevrier-sans-jamais-desesperer-de-la-victoire","status":"publish","type":"post","link":"https:\/\/linitiative.ca\/International\/tetiana-peresada-ukrainienne-vivant-en-tunisie-je-vis-encore-a-lheure-du-24-fevrier-sans-jamais-desesperer-de-la-victoire\/","title":{"rendered":"Tetiana Peresada, Ukrainienne vivant en Tunisie: Je vis encore \u00e0 l\u2019heure du 24 f\u00e9vrier, sans jamais d\u00e9sesp\u00e9rer de la victoire"},"content":{"rendered":"<div><img decoding=\"async\" src=\"https:\/\/linitiative.ca\/International\/wp-content\/uploads\/sites\/23\/2022\/04\/1649410036_article.jpg\" alt=\"Tetiana Peresada, Ukrainienne vivant en Tunisie: Je vis encore \u00e0 l\u2019heure du 24 f\u00e9vrier, sans jamais d\u00e9sesp\u00e9rer de la victoire\" align=\"left\">Jeudi 24 f\u00e9vrier 2022, \u00e0 9h45 du matin, Tetiana Peresada \u00e9tait en plein cours d\u2019anglais qu\u2019elle donnait dans un lyc\u00e9e priv\u00e9 de Tunis. Cette Ukrainienne, mari\u00e9e \u00e0 un Tunisien et m\u00e8re de deux enfants, \u00e9tait loin de penser \u00e0 ce qui allait arriver. Ses proches la savaient en classe et n\u2019osaient gu\u00e8re la d\u00e9ranger. Soudain, son t\u00e9l\u00e9phone mobile s\u2019est mis \u00e0 vibrer fr\u00e9n\u00e9tiquement. L\u2019insistance de l\u2019appel l\u2019a incit\u00e9e \u00e0 consulter son appareil. Sur l\u2019\u00e9cran s\u2019affichait le nom d\u2019un ami tunisien \u00e9tabli en France.\u00a0 Tr\u00e8s inquiet, il lui demande, lorsqu\u2019elle d\u00e9croche, si tout va bien pour elle, s\u2019enquiert des nouvelles de son p\u00e8re, vivant \u00e0 Tetiyiv, \u00e0 100 &#8230;<\/p>\n<\/div>\n<p>Auteur:<br \/>\n<a href=\"https:\/\/www.leaders.com.tn\/article\/33208-tetiana-peresada-ukrainienne-vivant-en-tunisie-je-vis-encore-a-l-heure-du-24-fevrier-sans-jamais-desesperer-de-la-victoire\">Cliquez ici pour lire l&rsquo;article depuis sa source.<\/a><\/p>\n","protected":false},"excerpt":{"rendered":"<p>Jeudi 24 f\u00e9vrier 2022, \u00e0 9h45 du matin, Tetiana Peresada \u00e9tait en plein cours d\u2019anglais qu\u2019elle donnait dans un lyc\u00e9e priv\u00e9 de Tunis. Cette Ukrainienne, mari\u00e9e \u00e0 un Tunisien et m\u00e8re de deux enfants, \u00e9tait loin de penser \u00e0 ce qui allait arriver. Ses proches la savaient en classe et n\u2019osaient gu\u00e8re la d\u00e9ranger. Soudain, [&hellip;]<\/p>\n","protected":false},"author":1772,"featured_media":0,"comment_status":"closed","ping_status":"closed","sticky":false,"template":"","format":"standard","meta":{"fifu_image_url":"http:\/\/www.leaders.com.tn\/uploads\/content\/thumbnails_small\/1649410036_article.jpg","fifu_image_alt":"Tetiana Peresada, Ukrainienne vivant en Tunisie: Je vis encore \u00e0 l\u2019heure du 24 f\u00e9vrier, sans jamais d\u00e9sesp\u00e9rer de la victoire","footnotes":""},"categories":[73,55],"tags":[],"class_list":["post-145042","post","type-post","status-publish","format-standard","hentry","category-actualite","category-tunisie"],"_links":{"self":[{"href":"https:\/\/linitiative.ca\/International\/wp-json\/wp\/v2\/posts\/145042","targetHints":{"allow":["GET"]}}],"collection":[{"href":"https:\/\/linitiative.ca\/International\/wp-json\/wp\/v2\/posts"}],"about":[{"href":"https:\/\/linitiative.ca\/International\/wp-json\/wp\/v2\/types\/post"}],"author":[{"embeddable":true,"href":"https:\/\/linitiative.ca\/International\/wp-json\/wp\/v2\/users\/1772"}],"replies":[{"embeddable":true,"href":"https:\/\/linitiative.ca\/International\/wp-json\/wp\/v2\/comments?post=145042"}],"version-history":[{"count":0,"href":"https:\/\/linitiative.ca\/International\/wp-json\/wp\/v2\/posts\/145042\/revisions"}],"wp:attachment":[{"href":"https:\/\/linitiative.ca\/International\/wp-json\/wp\/v2\/media?parent=145042"}],"wp:term":[{"taxonomy":"category","embeddable":true,"href":"https:\/\/linitiative.ca\/International\/wp-json\/wp\/v2\/categories?post=145042"},{"taxonomy":"post_tag","embeddable":true,"href":"https:\/\/linitiative.ca\/International\/wp-json\/wp\/v2\/tags?post=145042"}],"curies":[{"name":"wp","href":"https:\/\/api.w.org\/{rel}","templated":true}]}}