{"id":145044,"date":"2022-04-08T05:17:18","date_gmt":"2022-04-08T09:17:18","guid":{"rendered":"https:\/\/linitiative.ca\/International\/mustapha-baitas-on-naura-pas-de-penurie-alimentaire-mais-la-flambee-des-prix-va-continuer\/"},"modified":"2022-04-08T05:17:18","modified_gmt":"2022-04-08T09:17:18","slug":"mustapha-baitas-on-naura-pas-de-penurie-alimentaire-mais-la-flambee-des-prix-va-continuer","status":"publish","type":"post","link":"https:\/\/linitiative.ca\/International\/mustapha-baitas-on-naura-pas-de-penurie-alimentaire-mais-la-flambee-des-prix-va-continuer\/","title":{"rendered":"Mustapha Ba\u00eftas: \u00ab\u00a0On n\u2019aura pas de p\u00e9nurie alimentaire, mais la flamb\u00e9e des prix va continuer\u00a0\u00bb"},"content":{"rendered":"<div><img decoding=\"async\" width=\"664\" height=\"443\" src=\"https:\/\/linitiative.ca\/International\/wp-content\/uploads\/sites\/23\/2022\/04\/66d2053_1648679873839-casa-didier55-004.jpeg\" class=\"attachment-post-thumbnail size-post-thumbnail wp-post-image\" alt=\"\" loading=\"lazy\" srcset=\"https:\/\/linitiative.ca\/International\/wp-content\/uploads\/sites\/23\/2022\/04\/66d2053_1648679873839-casa-didier55-004.jpeg 664w, https:\/\/www.challenge.ma\/wp-content\/uploads\/2022\/04\/66d2053_1648679873839-casa-didier55-004-300x200.jpeg 300w, https:\/\/www.challenge.ma\/wp-content\/uploads\/2022\/04\/66d2053_1648679873839-casa-didier55-004-360x240.jpeg 360w\" sizes=\"auto, (max-width: 664px) 100vw, 664px\" itemprop=\"image\">Le porte-parole du gouvernement marocain, Mustapha Baitas, a admis que les hausses vertigineuses des prix des denr\u00e9es alimentaires et des produits de base allaient se poursuivre. Bien que le Maroc ne souffre pas de p\u00e9nurie de produits de base, le pays continuera \u00e0 enregistrer des augmentations de prix, a d\u00e9clar\u00e9<\/div>\n<p>Auteur: Azeroual Siham<br \/>\n<a href=\"https:\/\/www.challenge.ma\/mustapha-baitas-on-naura-pas-de-penurie-alimentaire-mais-la-flambee-des-prix-va-continuer-236396\/\">Cliquez ici pour lire l&rsquo;article depuis sa source.<\/a><\/p>\n","protected":false},"excerpt":{"rendered":"<p>Le porte-parole du gouvernement marocain, Mustapha Baitas, a admis que les hausses vertigineuses des prix des denr\u00e9es alimentaires et des produits de base allaient se poursuivre. Bien que le Maroc ne souffre pas de p\u00e9nurie de produits de base, le pays continuera \u00e0 enregistrer des augmentations de prix, a d\u00e9clar\u00e9 Auteur: Azeroual Siham Cliquez ici [&hellip;]<\/p>\n","protected":false},"author":1787,"featured_media":0,"comment_status":"closed","ping_status":"closed","sticky":false,"template":"","format":"standard","meta":{"fifu_image_url":"https:\/\/www.challenge.ma\/wp-content\/uploads\/2022\/04\/66d2053_1648679873839-casa-didier55-004.jpeg","fifu_image_alt":"Mustapha Ba\u00eftas: \u00ab\u00a0On n\u2019aura pas de p\u00e9nurie alimentaire, mais la flamb\u00e9e des prix va continuer\u00a0\u00bb","footnotes":""},"categories":[78,54],"tags":[],"class_list":["post-145044","post","type-post","status-publish","format-standard","hentry","category-economie","category-maroc"],"_links":{"self":[{"href":"https:\/\/linitiative.ca\/International\/wp-json\/wp\/v2\/posts\/145044","targetHints":{"allow":["GET"]}}],"collection":[{"href":"https:\/\/linitiative.ca\/International\/wp-json\/wp\/v2\/posts"}],"about":[{"href":"https:\/\/linitiative.ca\/International\/wp-json\/wp\/v2\/types\/post"}],"author":[{"embeddable":true,"href":"https:\/\/linitiative.ca\/International\/wp-json\/wp\/v2\/users\/1787"}],"replies":[{"embeddable":true,"href":"https:\/\/linitiative.ca\/International\/wp-json\/wp\/v2\/comments?post=145044"}],"version-history":[{"count":0,"href":"https:\/\/linitiative.ca\/International\/wp-json\/wp\/v2\/posts\/145044\/revisions"}],"wp:attachment":[{"href":"https:\/\/linitiative.ca\/International\/wp-json\/wp\/v2\/media?parent=145044"}],"wp:term":[{"taxonomy":"category","embeddable":true,"href":"https:\/\/linitiative.ca\/International\/wp-json\/wp\/v2\/categories?post=145044"},{"taxonomy":"post_tag","embeddable":true,"href":"https:\/\/linitiative.ca\/International\/wp-json\/wp\/v2\/tags?post=145044"}],"curies":[{"name":"wp","href":"https:\/\/api.w.org\/{rel}","templated":true}]}}