{"id":145056,"date":"2022-04-08T16:35:58","date_gmt":"2022-04-08T20:35:58","guid":{"rendered":"https:\/\/linitiative.ca\/International\/tunisie-zarzis-accueille-la-5eme-edition-de-la-course-de-laviation-legere\/"},"modified":"2022-04-08T16:35:58","modified_gmt":"2022-04-08T20:35:58","slug":"tunisie-zarzis-accueille-la-5eme-edition-de-la-course-de-laviation-legere","status":"publish","type":"post","link":"https:\/\/linitiative.ca\/International\/tunisie-zarzis-accueille-la-5eme-edition-de-la-course-de-laviation-legere\/","title":{"rendered":"Tunisie : Zarzis accueille la 5\u00e8me \u00e9dition de la course de l\u2019aviation l\u00e9g\u00e8re"},"content":{"rendered":"<div>\n<p>Il est pr\u00e9vu que la r\u00e9gion de Hassi Jerbi de la d\u00e9l\u00e9gation de Zarzis du gouvernorat de M\u00e9denine, accueillera la 5\u00e8me \u00e9dition de la course \u00ab\u00a0Aviation L\u00e9g\u00e8re Tunisie\u00a0\u00bb et ce du 26 au 28 avril 2022, avec la participation de plus de 25 avions et 50 pilotes de 5 pays, selon le correspondant de Tunisienumerique [\u2026]<\/p>\n<p>L\u2019article <a href=\"https:\/\/www.tunisienumerique.com\/tunisie-zarzis-accueille-la-5eme-edition-de-la-course-de-laviation-legere\/\">Tunisie : Zarzis accueille la 5\u00e8me \u00e9dition de la course de l\u2019aviation l\u00e9g\u00e8re<\/a> est apparu en premier sur <a href=\"https:\/\/www.tunisienumerique.com\/\">Tunisie<\/a>.<\/p>\n<\/div>\n<p>Auteur: rania ben slimane<br \/>\n<a href=\"https:\/\/www.tunisienumerique.com\/tunisie-zarzis-accueille-la-5eme-edition-de-la-course-de-laviation-legere\/\">Cliquez ici pour lire l&rsquo;article depuis sa source.<\/a><\/p>\n","protected":false},"excerpt":{"rendered":"<p>Il est pr\u00e9vu que la r\u00e9gion de Hassi Jerbi de la d\u00e9l\u00e9gation de Zarzis du gouvernorat de M\u00e9denine, accueillera la 5\u00e8me \u00e9dition de la course \u00ab\u00a0Aviation L\u00e9g\u00e8re Tunisie\u00a0\u00bb et ce du 26 au 28 avril 2022, avec la participation de plus de 25 avions et 50 pilotes de 5 pays, selon le correspondant de Tunisienumerique [&hellip;]<\/p>\n","protected":false},"author":1789,"featured_media":0,"comment_status":"closed","ping_status":"closed","sticky":false,"template":"","format":"standard","meta":{"fifu_image_url":"","fifu_image_alt":"","footnotes":""},"categories":[73,55],"tags":[],"class_list":["post-145056","post","type-post","status-publish","format-standard","hentry","category-actualite","category-tunisie"],"_links":{"self":[{"href":"https:\/\/linitiative.ca\/International\/wp-json\/wp\/v2\/posts\/145056","targetHints":{"allow":["GET"]}}],"collection":[{"href":"https:\/\/linitiative.ca\/International\/wp-json\/wp\/v2\/posts"}],"about":[{"href":"https:\/\/linitiative.ca\/International\/wp-json\/wp\/v2\/types\/post"}],"author":[{"embeddable":true,"href":"https:\/\/linitiative.ca\/International\/wp-json\/wp\/v2\/users\/1789"}],"replies":[{"embeddable":true,"href":"https:\/\/linitiative.ca\/International\/wp-json\/wp\/v2\/comments?post=145056"}],"version-history":[{"count":0,"href":"https:\/\/linitiative.ca\/International\/wp-json\/wp\/v2\/posts\/145056\/revisions"}],"wp:attachment":[{"href":"https:\/\/linitiative.ca\/International\/wp-json\/wp\/v2\/media?parent=145056"}],"wp:term":[{"taxonomy":"category","embeddable":true,"href":"https:\/\/linitiative.ca\/International\/wp-json\/wp\/v2\/categories?post=145056"},{"taxonomy":"post_tag","embeddable":true,"href":"https:\/\/linitiative.ca\/International\/wp-json\/wp\/v2\/tags?post=145056"}],"curies":[{"name":"wp","href":"https:\/\/api.w.org\/{rel}","templated":true}]}}