{"id":145057,"date":"2022-04-08T16:51:01","date_gmt":"2022-04-08T20:51:01","guid":{"rendered":"https:\/\/linitiative.ca\/International\/tunisie-suivi-de-la-situation-epidemiologique-au-coeur-dune-reunion-au-ministere-de-la-sante\/"},"modified":"2022-04-08T16:51:01","modified_gmt":"2022-04-08T20:51:01","slug":"tunisie-suivi-de-la-situation-epidemiologique-au-coeur-dune-reunion-au-ministere-de-la-sante","status":"publish","type":"post","link":"https:\/\/linitiative.ca\/International\/tunisie-suivi-de-la-situation-epidemiologique-au-coeur-dune-reunion-au-ministere-de-la-sante\/","title":{"rendered":"Tunisie : Suivi de la situation \u00e9pid\u00e9miologique, au c\u0153ur d\u2019une r\u00e9union au minist\u00e8re de la Sant\u00e9"},"content":{"rendered":"<div>\n<p>Le ministre de la Sant\u00e9, Ali Mrabet a supervis\u00e9 aujourd\u2019hui, vendredi 08 avril 2022, la r\u00e9union p\u00e9riodique au si\u00e8ge du minist\u00e8re de la Sant\u00e9 pour suivre l\u2019\u00e9volution de la situation \u00e9pid\u00e9miologique mondiale et locale de la pand\u00e9mie de Covid-19 et l\u2019\u00e9tat d\u2019avancement de la campagne nationale de vaccination. Au cours de la r\u00e9union, l\u2019am\u00e9lioration des [\u2026]<\/p>\n<p>L\u2019article <a href=\"https:\/\/www.tunisienumerique.com\/tunisie-suivi-de-la-situation-epidemiologique-au-coeur-dune-reunion-au-ministere-de-la-sante\/\">Tunisie : Suivi de la situation \u00e9pid\u00e9miologique, au c\u0153ur d\u2019une r\u00e9union au minist\u00e8re de la Sant\u00e9<\/a> est apparu en premier sur <a href=\"https:\/\/www.tunisienumerique.com\/\">Tunisie<\/a>.<\/p>\n<\/div>\n<p>Auteur: rania ben slimane<br \/>\n<a href=\"https:\/\/www.tunisienumerique.com\/tunisie-suivi-de-la-situation-epidemiologique-au-coeur-dune-reunion-au-ministere-de-la-sante\/\">Cliquez ici pour lire l&rsquo;article depuis sa source.<\/a><\/p>\n","protected":false},"excerpt":{"rendered":"<p>Le ministre de la Sant\u00e9, Ali Mrabet a supervis\u00e9 aujourd\u2019hui, vendredi 08 avril 2022, la r\u00e9union p\u00e9riodique au si\u00e8ge du minist\u00e8re de la Sant\u00e9 pour suivre l\u2019\u00e9volution de la situation \u00e9pid\u00e9miologique mondiale et locale de la pand\u00e9mie de Covid-19 et l\u2019\u00e9tat d\u2019avancement de la campagne nationale de vaccination. Au cours de la r\u00e9union, l\u2019am\u00e9lioration des [&hellip;]<\/p>\n","protected":false},"author":1789,"featured_media":0,"comment_status":"closed","ping_status":"closed","sticky":false,"template":"","format":"standard","meta":{"fifu_image_url":"","fifu_image_alt":"","footnotes":""},"categories":[73,55],"tags":[],"class_list":["post-145057","post","type-post","status-publish","format-standard","hentry","category-actualite","category-tunisie"],"_links":{"self":[{"href":"https:\/\/linitiative.ca\/International\/wp-json\/wp\/v2\/posts\/145057","targetHints":{"allow":["GET"]}}],"collection":[{"href":"https:\/\/linitiative.ca\/International\/wp-json\/wp\/v2\/posts"}],"about":[{"href":"https:\/\/linitiative.ca\/International\/wp-json\/wp\/v2\/types\/post"}],"author":[{"embeddable":true,"href":"https:\/\/linitiative.ca\/International\/wp-json\/wp\/v2\/users\/1789"}],"replies":[{"embeddable":true,"href":"https:\/\/linitiative.ca\/International\/wp-json\/wp\/v2\/comments?post=145057"}],"version-history":[{"count":0,"href":"https:\/\/linitiative.ca\/International\/wp-json\/wp\/v2\/posts\/145057\/revisions"}],"wp:attachment":[{"href":"https:\/\/linitiative.ca\/International\/wp-json\/wp\/v2\/media?parent=145057"}],"wp:term":[{"taxonomy":"category","embeddable":true,"href":"https:\/\/linitiative.ca\/International\/wp-json\/wp\/v2\/categories?post=145057"},{"taxonomy":"post_tag","embeddable":true,"href":"https:\/\/linitiative.ca\/International\/wp-json\/wp\/v2\/tags?post=145057"}],"curies":[{"name":"wp","href":"https:\/\/api.w.org\/{rel}","templated":true}]}}