{"id":145058,"date":"2022-04-08T17:01:29","date_gmt":"2022-04-08T21:01:29","guid":{"rendered":"https:\/\/linitiative.ca\/International\/un-jeune-clandestin-tunisien-de-18-ans-decede-dans-un-hopital-en-italie\/"},"modified":"2022-04-08T17:01:29","modified_gmt":"2022-04-08T21:01:29","slug":"un-jeune-clandestin-tunisien-de-18-ans-decede-dans-un-hopital-en-italie","status":"publish","type":"post","link":"https:\/\/linitiative.ca\/International\/un-jeune-clandestin-tunisien-de-18-ans-decede-dans-un-hopital-en-italie\/","title":{"rendered":"Un jeune clandestin tunisien de 18 ans d\u00e9c\u00e8de dans un h\u00f4pital en Italie"},"content":{"rendered":"<div>\n<p>Le d\u00e9put\u00e9 gel\u00e9 Majdi Karba\u00ef, a annonc\u00e9, ce vendredi, le d\u00e9c\u00e8s d\u2019un jeune tunisien de 18 ans apr\u00e8s avoir \u00e9t\u00e9 hospitalis\u00e9 pendant 15 jours dans le service de r\u00e9animation d\u2019un h\u00f4pital de Messine. Le jeune avait \u00e9t\u00e9 hospitalis\u00e9 apr\u00e8s sa \u00ab\u00a0chute\u00a0\u00bb de l\u2019\u00e9tage d\u2019un centre d\u2019h\u00e9bergement pour clandestins. Une enqu\u00eate a \u00e9t\u00e9 ouverte pour d\u00e9terminer [\u2026]<\/p>\n<p>L\u2019article <a href=\"https:\/\/www.tunisienumerique.com\/un-jeune-clandestin-tunisien-de-18-ans-decede-dans-un-hopital-en-italie\/\">Un jeune clandestin tunisien de 18 ans d\u00e9c\u00e8de dans un h\u00f4pital en Italie<\/a> est apparu en premier sur <a href=\"https:\/\/www.tunisienumerique.com\/\">Tunisie<\/a>.<\/p>\n<\/div>\n<p>Auteur: LM<br \/>\n<a href=\"https:\/\/www.tunisienumerique.com\/un-jeune-clandestin-tunisien-de-18-ans-decede-dans-un-hopital-en-italie\/\">Cliquez ici pour lire l&rsquo;article depuis sa source.<\/a><\/p>\n","protected":false},"excerpt":{"rendered":"<p>Le d\u00e9put\u00e9 gel\u00e9 Majdi Karba\u00ef, a annonc\u00e9, ce vendredi, le d\u00e9c\u00e8s d\u2019un jeune tunisien de 18 ans apr\u00e8s avoir \u00e9t\u00e9 hospitalis\u00e9 pendant 15 jours dans le service de r\u00e9animation d\u2019un h\u00f4pital de Messine. Le jeune avait \u00e9t\u00e9 hospitalis\u00e9 apr\u00e8s sa \u00ab\u00a0chute\u00a0\u00bb de l\u2019\u00e9tage d\u2019un centre d\u2019h\u00e9bergement pour clandestins. Une enqu\u00eate a \u00e9t\u00e9 ouverte pour d\u00e9terminer [&hellip;]<\/p>\n","protected":false},"author":1789,"featured_media":0,"comment_status":"closed","ping_status":"closed","sticky":false,"template":"","format":"standard","meta":{"fifu_image_url":"","fifu_image_alt":"","footnotes":""},"categories":[73,55],"tags":[],"class_list":["post-145058","post","type-post","status-publish","format-standard","hentry","category-actualite","category-tunisie"],"_links":{"self":[{"href":"https:\/\/linitiative.ca\/International\/wp-json\/wp\/v2\/posts\/145058","targetHints":{"allow":["GET"]}}],"collection":[{"href":"https:\/\/linitiative.ca\/International\/wp-json\/wp\/v2\/posts"}],"about":[{"href":"https:\/\/linitiative.ca\/International\/wp-json\/wp\/v2\/types\/post"}],"author":[{"embeddable":true,"href":"https:\/\/linitiative.ca\/International\/wp-json\/wp\/v2\/users\/1789"}],"replies":[{"embeddable":true,"href":"https:\/\/linitiative.ca\/International\/wp-json\/wp\/v2\/comments?post=145058"}],"version-history":[{"count":0,"href":"https:\/\/linitiative.ca\/International\/wp-json\/wp\/v2\/posts\/145058\/revisions"}],"wp:attachment":[{"href":"https:\/\/linitiative.ca\/International\/wp-json\/wp\/v2\/media?parent=145058"}],"wp:term":[{"taxonomy":"category","embeddable":true,"href":"https:\/\/linitiative.ca\/International\/wp-json\/wp\/v2\/categories?post=145058"},{"taxonomy":"post_tag","embeddable":true,"href":"https:\/\/linitiative.ca\/International\/wp-json\/wp\/v2\/tags?post=145058"}],"curies":[{"name":"wp","href":"https:\/\/api.w.org\/{rel}","templated":true}]}}