{"id":145062,"date":"2022-04-08T12:13:15","date_gmt":"2022-04-08T16:13:15","guid":{"rendered":"https:\/\/linitiative.ca\/International\/terrorisme-12-militaires-et-4-vdp-tombes-dans-une-attaque-a-namissiguima\/"},"modified":"2022-04-08T12:13:15","modified_gmt":"2022-04-08T16:13:15","slug":"terrorisme-12-militaires-et-4-vdp-tombes-dans-une-attaque-a-namissiguima","status":"publish","type":"post","link":"https:\/\/linitiative.ca\/International\/terrorisme-12-militaires-et-4-vdp-tombes-dans-une-attaque-a-namissiguima\/","title":{"rendered":"Terrorisme : 12 militaires et 4 VDP tomb\u00e9s dans une attaque \u00e0 Namissiguima"},"content":{"rendered":"<div>\n<h1>L\u2019Etat-major g\u00e9n\u00e9ral des Arm\u00e9es a annonc\u00e9 le d\u00e9c\u00e8s de 12 militaires et 4 VDP dans une attaque qui a vis\u00e9 le d\u00e9tachement militaire de Namissiguima dans le Centre-nord, ce vendredi 08 avril 2022 dans la matin\u00e9e. 21 autres militaires ont \u00e9t\u00e9 bless\u00e9s.<\/h1>\n<h1>Le communiqu\u00e9 de l\u2019Etat-major g\u00e9n\u00e9ral des Arm\u00e9es parle d\u2019une attaque complexe qui a eu lieu aux environs de 5 heures du matin.<\/h1>\n<h1>Des d\u00e9g\u00e2ts mat\u00e9riels ont \u00e9galement \u00e9t\u00e9 enregistr\u00e9s.<\/h1>\n<h1>L\u2019arm\u00e9e informe que des renforts ont \u00e9t\u00e9 d\u00e9ploy\u00e9s pour s\u00e9curiser la zone et rassure l\u2019opinion que \u00ab les op\u00e9rations de s\u00e9curisation du territoire vont s\u2019intensifier conform\u00e9ment \u00e0 la vision d\u00e9finie par le chef supr\u00eame des Arm\u00e9es \u00bb.<\/h1>\n<h1>F.O.<\/h1>\n<p>L\u2019article <a rel=\"nofollow\" href=\"https:\/\/www.sidwaya.info\/blog\/2022\/04\/08\/terrorisme-12-militaires-et-4-vdp-tombes-dans-une-attaque-a-namissiguima\/\">Terrorisme : 12 militaires et 4 VDP tomb\u00e9s dans une attaque \u00e0 Namissiguima<\/a> est apparu en premier sur <a rel=\"nofollow\" href=\"https:\/\/www.sidwaya.info\/\">Quotidien Sidwaya<\/a>.<\/p>\n<\/div>\n<p>Auteur: Wamini SIDWAYA<br \/>\n<a href=\"https:\/\/www.sidwaya.info\/blog\/2022\/04\/08\/terrorisme-12-militaires-et-4-vdp-tombes-dans-une-attaque-a-namissiguima\/?utm_source=rss&#038;utm_medium=rss&#038;utm_campaign=terrorisme-12-militaires-et-4-vdp-tombes-dans-une-attaque-a-namissiguima\">Cliquez ici pour lire l&rsquo;article depuis sa source.<\/a><\/p>\n","protected":false},"excerpt":{"rendered":"<p>L\u2019Etat-major g\u00e9n\u00e9ral des Arm\u00e9es a annonc\u00e9 le d\u00e9c\u00e8s de 12 militaires et 4 VDP dans une attaque qui a vis\u00e9 le d\u00e9tachement militaire de Namissiguima dans le Centre-nord, ce vendredi 08 avril 2022 dans la matin\u00e9e. 21 autres militaires ont \u00e9t\u00e9 bless\u00e9s. Le communiqu\u00e9 de l\u2019Etat-major g\u00e9n\u00e9ral des Arm\u00e9es parle d\u2019une attaque complexe qui a [&hellip;]<\/p>\n","protected":false},"author":1816,"featured_media":0,"comment_status":"closed","ping_status":"closed","sticky":false,"template":"","format":"standard","meta":{"fifu_image_url":"","fifu_image_alt":"","footnotes":""},"categories":[73,81],"tags":[],"class_list":["post-145062","post","type-post","status-publish","format-standard","hentry","category-actualite","category-burkina-faso"],"_links":{"self":[{"href":"https:\/\/linitiative.ca\/International\/wp-json\/wp\/v2\/posts\/145062","targetHints":{"allow":["GET"]}}],"collection":[{"href":"https:\/\/linitiative.ca\/International\/wp-json\/wp\/v2\/posts"}],"about":[{"href":"https:\/\/linitiative.ca\/International\/wp-json\/wp\/v2\/types\/post"}],"author":[{"embeddable":true,"href":"https:\/\/linitiative.ca\/International\/wp-json\/wp\/v2\/users\/1816"}],"replies":[{"embeddable":true,"href":"https:\/\/linitiative.ca\/International\/wp-json\/wp\/v2\/comments?post=145062"}],"version-history":[{"count":0,"href":"https:\/\/linitiative.ca\/International\/wp-json\/wp\/v2\/posts\/145062\/revisions"}],"wp:attachment":[{"href":"https:\/\/linitiative.ca\/International\/wp-json\/wp\/v2\/media?parent=145062"}],"wp:term":[{"taxonomy":"category","embeddable":true,"href":"https:\/\/linitiative.ca\/International\/wp-json\/wp\/v2\/categories?post=145062"},{"taxonomy":"post_tag","embeddable":true,"href":"https:\/\/linitiative.ca\/International\/wp-json\/wp\/v2\/tags?post=145062"}],"curies":[{"name":"wp","href":"https:\/\/api.w.org\/{rel}","templated":true}]}}