{"id":145063,"date":"2022-04-08T12:19:12","date_gmt":"2022-04-08T16:19:12","guid":{"rendered":"https:\/\/linitiative.ca\/International\/etats-unis-ketanji-brown-jackson-premiere-juge-afro-americaine-a-la-cour-supreme\/"},"modified":"2022-04-08T12:19:12","modified_gmt":"2022-04-08T16:19:12","slug":"etats-unis-ketanji-brown-jackson-premiere-juge-afro-americaine-a-la-cour-supreme","status":"publish","type":"post","link":"https:\/\/linitiative.ca\/International\/etats-unis-ketanji-brown-jackson-premiere-juge-afro-americaine-a-la-cour-supreme\/","title":{"rendered":"Etats-Unis\u00a0: Ketanji Brown Jackson, premi\u00e8re juge Afro-Am\u00e9ricaine \u00e0 la Cour supr\u00eame"},"content":{"rendered":"<div>\n<p>Ketanji Brown Jackson est la premi\u00e8re femme noire juge \u00e0 la Cour\u00a0 supr\u00eame des Etats-Unis. Sa nomination a \u00e9t\u00e9 confirm\u00e9e, jeudi 07 avril 2022 selon africanews, par le S\u00e9nat par 53 voix contre 47.Ag\u00e9e de 51 ans, Mme Jackson, \u00a0juge \u00e0 la cour d\u2019appel, a b\u00e9n\u00e9fici\u00e9 de\u00a0 l\u2019appui du pr\u00e9sident am\u00e9ricain Joe Biden.<\/p>\n<p>Elle rejoindra trois autres femmes, Sonia Sotomayor, Elena Kagan Amy Coney Barrett \u2013 ce qui signifie que quatre des neuf juges seront des femmes pour la premi\u00e8re fois dans l\u2019histoire.<\/p>\n<p>Elle sera le deuxi\u00e8me plus jeune membre de la Cour apr\u00e8s Mme Barrett, 50 ans. \u00a0Son premier mandat \u00a0portera sur des affaires impliquant la race, tant au niveau des admissions dans les universit\u00e9s que du droit de vote.<\/p>\n<p style=\"text-align: right\"><strong>AK <\/strong><\/p>\n<p>L\u2019article <a rel=\"nofollow\" href=\"https:\/\/www.sidwaya.info\/blog\/2022\/04\/08\/etats-unis-ketanji-brown-jackson-premiere-juge-afro-americaine-a-la-cour-supreme\/\">Etats-Unis\u00a0: Ketanji Brown Jackson, premi\u00e8re juge Afro-Am\u00e9ricaine \u00e0 la Cour supr\u00eame<\/a> est apparu en premier sur <a rel=\"nofollow\" href=\"https:\/\/www.sidwaya.info\/\">Quotidien Sidwaya<\/a>.<\/p>\n<\/div>\n<p>Auteur: Wamini SIDWAYA<br \/>\n<a href=\"https:\/\/www.sidwaya.info\/blog\/2022\/04\/08\/etats-unis-ketanji-brown-jackson-premiere-juge-afro-americaine-a-la-cour-supreme\/?utm_source=rss&#038;utm_medium=rss&#038;utm_campaign=etats-unis-ketanji-brown-jackson-premiere-juge-afro-americaine-a-la-cour-supreme\">Cliquez ici pour lire l&rsquo;article depuis sa source.<\/a><\/p>\n","protected":false},"excerpt":{"rendered":"<p>Ketanji Brown Jackson est la premi\u00e8re femme noire juge \u00e0 la Cour\u00a0 supr\u00eame des Etats-Unis. Sa nomination a \u00e9t\u00e9 confirm\u00e9e, jeudi 07 avril 2022 selon africanews, par le S\u00e9nat par 53 voix contre 47.Ag\u00e9e de 51 ans, Mme Jackson, \u00a0juge \u00e0 la cour d\u2019appel, a b\u00e9n\u00e9fici\u00e9 de\u00a0 l\u2019appui du pr\u00e9sident am\u00e9ricain Joe Biden. Elle rejoindra [&hellip;]<\/p>\n","protected":false},"author":1816,"featured_media":0,"comment_status":"closed","ping_status":"closed","sticky":false,"template":"","format":"standard","meta":{"fifu_image_url":"","fifu_image_alt":"","footnotes":""},"categories":[73,81],"tags":[],"class_list":["post-145063","post","type-post","status-publish","format-standard","hentry","category-actualite","category-burkina-faso"],"_links":{"self":[{"href":"https:\/\/linitiative.ca\/International\/wp-json\/wp\/v2\/posts\/145063","targetHints":{"allow":["GET"]}}],"collection":[{"href":"https:\/\/linitiative.ca\/International\/wp-json\/wp\/v2\/posts"}],"about":[{"href":"https:\/\/linitiative.ca\/International\/wp-json\/wp\/v2\/types\/post"}],"author":[{"embeddable":true,"href":"https:\/\/linitiative.ca\/International\/wp-json\/wp\/v2\/users\/1816"}],"replies":[{"embeddable":true,"href":"https:\/\/linitiative.ca\/International\/wp-json\/wp\/v2\/comments?post=145063"}],"version-history":[{"count":0,"href":"https:\/\/linitiative.ca\/International\/wp-json\/wp\/v2\/posts\/145063\/revisions"}],"wp:attachment":[{"href":"https:\/\/linitiative.ca\/International\/wp-json\/wp\/v2\/media?parent=145063"}],"wp:term":[{"taxonomy":"category","embeddable":true,"href":"https:\/\/linitiative.ca\/International\/wp-json\/wp\/v2\/categories?post=145063"},{"taxonomy":"post_tag","embeddable":true,"href":"https:\/\/linitiative.ca\/International\/wp-json\/wp\/v2\/tags?post=145063"}],"curies":[{"name":"wp","href":"https:\/\/api.w.org\/{rel}","templated":true}]}}