{"id":145064,"date":"2022-04-08T12:50:48","date_gmt":"2022-04-08T16:50:48","guid":{"rendered":"https:\/\/linitiative.ca\/International\/bresil-la-federation-veut-pep-guardiola-a-la-tete-de-la-selecao\/"},"modified":"2022-04-08T12:50:48","modified_gmt":"2022-04-08T16:50:48","slug":"bresil-la-federation-veut-pep-guardiola-a-la-tete-de-la-selecao","status":"publish","type":"post","link":"https:\/\/linitiative.ca\/International\/bresil-la-federation-veut-pep-guardiola-a-la-tete-de-la-selecao\/","title":{"rendered":"Br\u00e9sil\u00a0: La f\u00e9d\u00e9ration veut Pep Guardiola \u00e0 la t\u00eate de la Sele\u00e7\u00e3o \u00a0"},"content":{"rendered":"<div>\n<p><strong>\u00a0<\/strong>La \u00a0F\u00e9d\u00e9ration br\u00e9silienne de football(CBF) veut engager, selon le journal Marca, l\u2019entraineur de Manchester City, Josep Guardiola dit Pep comme s\u00e9lectionneur de l\u2019\u00e9quipe nationale de Br\u00e9sil, la Sele\u00e7\u00e3o.<\/p>\n<p>En remplacement de Tite, l\u2019actuel s\u00e9lectionneur annonc\u00e9 partant apr\u00e8s la Coupe du monde 2022 au Qatar. Pour le faire signer, la CBF proposerait \u00e0 Pep 12 millions d\u2019euros par an jusqu\u2019au Mondial 2026 organis\u00e9 au Canada, au Mexique et aux \u00c9tats-Unis.<\/p>\n<p>Le tacticien espagnol qui avait \u00a0\u00e9mis le v\u0153u d\u2019entrainer un jour une s\u00e9lection nationale est l\u2019un des meilleurs entraineurs au monde. Il a \u00e9t\u00e9, entre autres, vainqueur de la Ligue des Champions avec le FC Barcelone, \u00a0du Mondial des Clubs, de la Supercoupe d\u2019Europe, de plusieurs championnats europ\u00e9ens (Espagne, Allemagne, Angleterre).<\/p>\n<p style=\"text-align: right\"><strong>AK<\/strong><\/p>\n<p>L\u2019article <a rel=\"nofollow\" href=\"https:\/\/www.sidwaya.info\/blog\/2022\/04\/08\/bresil-la-federation-veut-pep-guardiola-a-la-tete-de-la-selecao\/\">Br\u00e9sil\u00a0: La f\u00e9d\u00e9ration veut Pep Guardiola \u00e0 la t\u00eate de la Sele\u00e7\u00e3o \u00a0<\/a> est apparu en premier sur <a rel=\"nofollow\" href=\"https:\/\/www.sidwaya.info\/\">Quotidien Sidwaya<\/a>.<\/p>\n<\/div>\n<p>Auteur: Wamini SIDWAYA<br \/>\n<a href=\"https:\/\/www.sidwaya.info\/blog\/2022\/04\/08\/bresil-la-federation-veut-pep-guardiola-a-la-tete-de-la-selecao\/?utm_source=rss&#038;utm_medium=rss&#038;utm_campaign=bresil-la-federation-veut-pep-guardiola-a-la-tete-de-la-selecao\">Cliquez ici pour lire l&rsquo;article depuis sa source.<\/a><\/p>\n","protected":false},"excerpt":{"rendered":"<p>\u00a0La \u00a0F\u00e9d\u00e9ration br\u00e9silienne de football(CBF) veut engager, selon le journal Marca, l\u2019entraineur de Manchester City, Josep Guardiola dit Pep comme s\u00e9lectionneur de l\u2019\u00e9quipe nationale de Br\u00e9sil, la Sele\u00e7\u00e3o. En remplacement de Tite, l\u2019actuel s\u00e9lectionneur annonc\u00e9 partant apr\u00e8s la Coupe du monde 2022 au Qatar. Pour le faire signer, la CBF proposerait \u00e0 Pep 12 millions [&hellip;]<\/p>\n","protected":false},"author":1816,"featured_media":0,"comment_status":"closed","ping_status":"closed","sticky":false,"template":"","format":"standard","meta":{"fifu_image_url":"","fifu_image_alt":"","footnotes":""},"categories":[73,81],"tags":[],"class_list":["post-145064","post","type-post","status-publish","format-standard","hentry","category-actualite","category-burkina-faso"],"_links":{"self":[{"href":"https:\/\/linitiative.ca\/International\/wp-json\/wp\/v2\/posts\/145064","targetHints":{"allow":["GET"]}}],"collection":[{"href":"https:\/\/linitiative.ca\/International\/wp-json\/wp\/v2\/posts"}],"about":[{"href":"https:\/\/linitiative.ca\/International\/wp-json\/wp\/v2\/types\/post"}],"author":[{"embeddable":true,"href":"https:\/\/linitiative.ca\/International\/wp-json\/wp\/v2\/users\/1816"}],"replies":[{"embeddable":true,"href":"https:\/\/linitiative.ca\/International\/wp-json\/wp\/v2\/comments?post=145064"}],"version-history":[{"count":0,"href":"https:\/\/linitiative.ca\/International\/wp-json\/wp\/v2\/posts\/145064\/revisions"}],"wp:attachment":[{"href":"https:\/\/linitiative.ca\/International\/wp-json\/wp\/v2\/media?parent=145064"}],"wp:term":[{"taxonomy":"category","embeddable":true,"href":"https:\/\/linitiative.ca\/International\/wp-json\/wp\/v2\/categories?post=145064"},{"taxonomy":"post_tag","embeddable":true,"href":"https:\/\/linitiative.ca\/International\/wp-json\/wp\/v2\/tags?post=145064"}],"curies":[{"name":"wp","href":"https:\/\/api.w.org\/{rel}","templated":true}]}}