{"id":145066,"date":"2022-04-08T12:18:04","date_gmt":"2022-04-08T16:18:04","guid":{"rendered":"https:\/\/linitiative.ca\/International\/afsud-des-inondations-annoncees-ce-week-end\/"},"modified":"2022-04-08T12:18:04","modified_gmt":"2022-04-08T16:18:04","slug":"afsud-des-inondations-annoncees-ce-week-end","status":"publish","type":"post","link":"https:\/\/linitiative.ca\/International\/afsud-des-inondations-annoncees-ce-week-end\/","title":{"rendered":"Af\u2019Sud : des inondations annonc\u00e9es ce week-end"},"content":{"rendered":"<div>\n<p><img decoding=\"async\" width=\"204\" height=\"247\" src=\"https:\/\/linitiative.ca\/International\/wp-content\/uploads\/sites\/23\/2022\/04\/16494346843904.jpg\" class=\"attachment-post-thumbnail size-post-thumbnail wp-post-image\" alt=\"\" loading=\"lazy\"><\/p>\n<p>Les pr\u00e9visions m\u00e9t\u00e9orologiques concernent certaines r\u00e9gions de la nation arc-en-ciel.Le Service m\u00e9t\u00e9orologique sud-africain (SAWS, sigle anglais) a mis en garde contre des conditions pluvieuses et froides au centre et au sud-est du pays pendant le week-end.<\/p>\n<p>De fortes pluies et des inondations devraient notamment toucher les parties orientales des provinces du Cap Nord et Est, de l&rsquo;Etat libre, du Nord-Ouest, du Gauteng et du KwaZulu-Natal, ainsi que la r\u00e9gion du Highveld de Mpumalanga.<\/p>\n<p>\u00ab Cet \u00e9pisode pluvieux sera accompagn\u00e9 de conditions froides \u00e0 tr\u00e8s froides sur le sud et le sud-est de l&rsquo;int\u00e9rieur du pays \u00e0 partir de ce vendredi, et s&rsquo;\u00e9tendra au centre et \u00e0 l&rsquo;est d\u00e8s samedi \u00bb, a annonc\u00e9 le SAWS dans son dernier bulletin.<\/p>\n<p>Des inondations localis\u00e9es sont aussi attendues dans certaines parties des provinces du Nord-Ouest, de l&rsquo;Etat libre et du Gauteng ce vendredi, avant de s&rsquo;\u00e9tendre \u00e0 d&rsquo;autres r\u00e9gions samedi.<\/p>\n<p>Compte tenu de ses pr\u00e9visions, le SAWS exhorte fortement le public \u00e0 \u00e9viter de traverser les rivi\u00e8res et les cours d&rsquo;eau gonfl\u00e9s, en particulier dans les cas o\u00f9 le niveau de l&rsquo;eau d\u00e9passe la hauteur d&rsquo;une cheville.<\/p>\n<p>Il a \u00e9galement appel\u00e9 les habitants des zones touch\u00e9es \u00e0 se d\u00e9placer vers des terrains plus \u00e9lev\u00e9s \u00ab si la mont\u00e9e des eaux de crue menace la s\u00e9curit\u00e9 des personnes \u00bb.<\/p>\n<p>Cet article <a rel=\"nofollow\" href=\"https:\/\/www.journalducameroun.com\/afsud-des-inondations-annoncees-ce-week-end\/\">Af\u2019Sud : des inondations annonc\u00e9es ce week-end<\/a> est apparu en premier sur <a rel=\"nofollow\" href=\"https:\/\/www.journalducameroun.com\/\">Journal du Cameroun<\/a>.<\/p>\n<\/div>\n<p>Auteur: APA News<br \/>\n<a href=\"https:\/\/www.journalducameroun.com\/afsud-des-inondations-annoncees-ce-week-end\/\">Cliquez ici pour lire l&rsquo;article depuis sa source.<\/a><\/p>\n","protected":false},"excerpt":{"rendered":"<p>Les pr\u00e9visions m\u00e9t\u00e9orologiques concernent certaines r\u00e9gions de la nation arc-en-ciel.Le Service m\u00e9t\u00e9orologique sud-africain (SAWS, sigle anglais) a mis en garde contre des conditions pluvieuses et froides au centre et au sud-est du pays pendant le week-end. De fortes pluies et des inondations devraient notamment toucher les parties orientales des provinces du Cap Nord et Est, [&hellip;]<\/p>\n","protected":false},"author":1965,"featured_media":0,"comment_status":"closed","ping_status":"closed","sticky":false,"template":"","format":"standard","meta":{"fifu_image_url":"https:\/\/www.journalducameroun.com\/wp-content\/uploads\/2022\/04\/16494346843904.jpg","fifu_image_alt":"Af\u2019Sud : des inondations annonc\u00e9es ce week-end","footnotes":""},"categories":[73,82],"tags":[],"class_list":["post-145066","post","type-post","status-publish","format-standard","hentry","category-actualite","category-cameroun"],"_links":{"self":[{"href":"https:\/\/linitiative.ca\/International\/wp-json\/wp\/v2\/posts\/145066","targetHints":{"allow":["GET"]}}],"collection":[{"href":"https:\/\/linitiative.ca\/International\/wp-json\/wp\/v2\/posts"}],"about":[{"href":"https:\/\/linitiative.ca\/International\/wp-json\/wp\/v2\/types\/post"}],"author":[{"embeddable":true,"href":"https:\/\/linitiative.ca\/International\/wp-json\/wp\/v2\/users\/1965"}],"replies":[{"embeddable":true,"href":"https:\/\/linitiative.ca\/International\/wp-json\/wp\/v2\/comments?post=145066"}],"version-history":[{"count":0,"href":"https:\/\/linitiative.ca\/International\/wp-json\/wp\/v2\/posts\/145066\/revisions"}],"wp:attachment":[{"href":"https:\/\/linitiative.ca\/International\/wp-json\/wp\/v2\/media?parent=145066"}],"wp:term":[{"taxonomy":"category","embeddable":true,"href":"https:\/\/linitiative.ca\/International\/wp-json\/wp\/v2\/categories?post=145066"},{"taxonomy":"post_tag","embeddable":true,"href":"https:\/\/linitiative.ca\/International\/wp-json\/wp\/v2\/tags?post=145066"}],"curies":[{"name":"wp","href":"https:\/\/api.w.org\/{rel}","templated":true}]}}