{"id":145070,"date":"2022-04-08T13:18:03","date_gmt":"2022-04-08T17:18:03","guid":{"rendered":"https:\/\/linitiative.ca\/International\/burkina-faso-seize-morts-dans-une-attaque\/"},"modified":"2022-04-08T13:18:03","modified_gmt":"2022-04-08T17:18:03","slug":"burkina-faso-seize-morts-dans-une-attaque","status":"publish","type":"post","link":"https:\/\/linitiative.ca\/International\/burkina-faso-seize-morts-dans-une-attaque\/","title":{"rendered":"Burkina Faso : seize morts dans une attaque"},"content":{"rendered":"<div>\n<p><img decoding=\"async\" width=\"257\" height=\"196\" src=\"https:\/\/linitiative.ca\/International\/wp-content\/uploads\/sites\/23\/2022\/04\/16494382831729.jpg\" class=\"attachment-post-thumbnail size-post-thumbnail wp-post-image\" alt=\"\" loading=\"lazy\"><\/p>\n<p>Des jihadistes pr\u00e9sum\u00e9s ont attaqu\u00e9 le d\u00e9tachement militaire de Namissiguima, dans la province du Sanmatenga.De nouvelles pertes en vies humaines pour l&rsquo;arm\u00e9e burkinab\u00e9. Le bilan provisoire d&rsquo;une attaque attribu\u00e9e \u00e0 des jihadistes survenue, ce vendredi dans le nord du pays, fait \u00e9tat de 12 soldats et 4 Volontaires pour la d\u00e9fense de la patrie (VDP) tu\u00e9s.<\/p>\n<p>Ces derni\u00e8res ann\u00e9es, le Burkina Faso est confront\u00e9 \u00e0 des attaques terroristes devenues fr\u00e9quentes et meurtri\u00e8res visant sa partie nord.<\/p>\n<p>Cet article <a rel=\"nofollow\" href=\"https:\/\/www.journalducameroun.com\/burkina-faso-seize-morts-dans-une-attaque\/\">Burkina Faso : seize morts dans une attaque<\/a> est apparu en premier sur <a rel=\"nofollow\" href=\"https:\/\/www.journalducameroun.com\/\">Journal du Cameroun<\/a>.<\/p>\n<\/div>\n<p>Auteur: APA News<br \/>\n<a href=\"https:\/\/www.journalducameroun.com\/burkina-faso-seize-morts-dans-une-attaque\/\">Cliquez ici pour lire l&rsquo;article depuis sa source.<\/a><\/p>\n","protected":false},"excerpt":{"rendered":"<p>Des jihadistes pr\u00e9sum\u00e9s ont attaqu\u00e9 le d\u00e9tachement militaire de Namissiguima, dans la province du Sanmatenga.De nouvelles pertes en vies humaines pour l&rsquo;arm\u00e9e burkinab\u00e9. Le bilan provisoire d&rsquo;une attaque attribu\u00e9e \u00e0 des jihadistes survenue, ce vendredi dans le nord du pays, fait \u00e9tat de 12 soldats et 4 Volontaires pour la d\u00e9fense de la patrie (VDP) [&hellip;]<\/p>\n","protected":false},"author":1965,"featured_media":0,"comment_status":"closed","ping_status":"closed","sticky":false,"template":"","format":"standard","meta":{"fifu_image_url":"https:\/\/www.journalducameroun.com\/wp-content\/uploads\/2022\/04\/16494382831729.jpg","fifu_image_alt":"Burkina Faso : seize morts dans une attaque","footnotes":""},"categories":[73,82],"tags":[],"class_list":["post-145070","post","type-post","status-publish","format-standard","hentry","category-actualite","category-cameroun"],"_links":{"self":[{"href":"https:\/\/linitiative.ca\/International\/wp-json\/wp\/v2\/posts\/145070","targetHints":{"allow":["GET"]}}],"collection":[{"href":"https:\/\/linitiative.ca\/International\/wp-json\/wp\/v2\/posts"}],"about":[{"href":"https:\/\/linitiative.ca\/International\/wp-json\/wp\/v2\/types\/post"}],"author":[{"embeddable":true,"href":"https:\/\/linitiative.ca\/International\/wp-json\/wp\/v2\/users\/1965"}],"replies":[{"embeddable":true,"href":"https:\/\/linitiative.ca\/International\/wp-json\/wp\/v2\/comments?post=145070"}],"version-history":[{"count":0,"href":"https:\/\/linitiative.ca\/International\/wp-json\/wp\/v2\/posts\/145070\/revisions"}],"wp:attachment":[{"href":"https:\/\/linitiative.ca\/International\/wp-json\/wp\/v2\/media?parent=145070"}],"wp:term":[{"taxonomy":"category","embeddable":true,"href":"https:\/\/linitiative.ca\/International\/wp-json\/wp\/v2\/categories?post=145070"},{"taxonomy":"post_tag","embeddable":true,"href":"https:\/\/linitiative.ca\/International\/wp-json\/wp\/v2\/tags?post=145070"}],"curies":[{"name":"wp","href":"https:\/\/api.w.org\/{rel}","templated":true}]}}