{"id":145078,"date":"2022-04-08T11:00:05","date_gmt":"2022-04-08T15:00:05","guid":{"rendered":"https:\/\/linitiative.ca\/International\/le-cameroun-beneficie-dune-enveloppe-de-617-milliards-pour-le-projet-de-gestion-integree-des-paysages-forestiers\/"},"modified":"2022-04-08T11:00:05","modified_gmt":"2022-04-08T15:00:05","slug":"le-cameroun-beneficie-dune-enveloppe-de-617-milliards-pour-le-projet-de-gestion-integree-des-paysages-forestiers","status":"publish","type":"post","link":"https:\/\/linitiative.ca\/International\/le-cameroun-beneficie-dune-enveloppe-de-617-milliards-pour-le-projet-de-gestion-integree-des-paysages-forestiers\/","title":{"rendered":"Le Cameroun b\u00e9n\u00e9ficie d\u2019une enveloppe de 6,17 milliards pour le projet de gestion int\u00e9gr\u00e9e des paysages forestiers"},"content":{"rendered":"<div>\n<p>Lors de l\u2019ouverture le 01er avril 2022 de l\u2019atelier de lancement de la mise en \u0153uvre du projet de gestion int\u00e9gr\u00e9e des paysages forestiers du Cameroun dans le Bassin du Congo (GEF-7), le ministre de l\u2019Environnement, de la Protection de la nature et du D\u00e9veloppement durable (Minepded) Pierre Hele a annonc\u00e9 que le pays a b\u00e9n\u00e9fici\u00e9 dans le cadre du projet sus-\u00e9voqu\u00e9, d\u2019un financement de 6,17 milliards de FCFA du Fond pour l\u2019environnement mondial (FEM).<\/p>\n<p><strong>Lire aussi : <a href=\"https:\/\/ecomatin.net\/protection-de-la-nature-le-fonds-pour-lenvironnement-accorde-72-milliards-de-fcfa-au-cameroun\/\" target=\"_blank\" rel=\"noreferrer noopener\">Protection de la nature : le fonds pour l\u2019environnement accorde 7,2 milliards de Fcfa au Cameroun<\/a><\/strong><\/p>\n<p>En clair, ce projet pilote entend am\u00e9liorer la gouvernance des paysages forestiers d\u2019importance mondiale du Cameroun dans le Bassin du Congo, afin de garantir son int\u00e9grit\u00e9 biologique et d\u2019accro\u00eetre les opportunit\u00e9s \u00e9conomiques et les moyens de subsistance des populations d\u00e9pendantes de la for\u00eat. En effet, le projet compte se d\u00e9ployer sur une p\u00e9riode de six ans dans les zones de Campo Ma\u2019an-Rio Campo (Cmrc) 769446 ha, le tri-national Dja-Odzala- Minkebe (Tridom) 4 949 174 ha, le tri-national de la Sangha (TNS) 1490 550 ha ainsi qu\u2019une inter- zone entre Rio Campo et le paysage Tridom du Cameroun 595 916 ha.<\/p>\n<p><strong>Lire aussi : <a href=\"https:\/\/ecomatin.net\/developpement-t-durable-renforcement-de-la-fiscalite-environnementale-en-2022\/\" target=\"_blank\" rel=\"noreferrer noopener\">D\u00e9veloppement durable : renforcement de la fiscalit\u00e9 environnementale en 2022<\/a><\/strong><\/p>\n<p>Dans le d\u00e9tail, l\u2019initiative se d\u00e9cline en cinq composantes parmi lesquelles l\u2019int\u00e9gration de la planification et de la gestion int\u00e9gr\u00e9es de l\u2019utilisation des terres et l\u2019am\u00e9lioration de l\u2019efficacit\u00e9 de la gestion de la gouvernance des for\u00eats \u00e0 haute valeur de conservation. Rappelons que ce projet pilote est ex\u00e9cut\u00e9 par le Minepded en collaboration avec WWF (Fond mondial pour la nature).<\/p>\n<p>L\u2019article <a rel=\"nofollow\" href=\"https:\/\/ecomatin.net\/le-cameroun-beneficie-dune-enveloppe-de-617-milliards-pour-le-projet-de-gestion-integree-des-paysages-forestiers\/\">Le Cameroun b\u00e9n\u00e9ficie d\u2019une enveloppe de 6,17 milliards pour le projet de gestion int\u00e9gr\u00e9e des paysages forestiers<\/a> est apparu en premier sur <a rel=\"nofollow\" href=\"https:\/\/ecomatin.net\/\">EcoMatin<\/a>.<\/p>\n<\/div>\n<p>Auteur: Mairamou Abdou<br \/>\n<a href=\"https:\/\/ecomatin.net\/le-cameroun-beneficie-dune-enveloppe-de-617-milliards-pour-le-projet-de-gestion-integree-des-paysages-forestiers\/\">Cliquez ici pour lire l&rsquo;article depuis sa source.<\/a><\/p>\n","protected":false},"excerpt":{"rendered":"<p>Lors de l\u2019ouverture le 01er avril 2022 de l\u2019atelier de lancement de la mise en \u0153uvre du projet de gestion int\u00e9gr\u00e9e des paysages forestiers du Cameroun dans le Bassin du Congo (GEF-7), le ministre de l\u2019Environnement, de la Protection de la nature et du D\u00e9veloppement durable (Minepded) Pierre Hele a annonc\u00e9 que le pays a [&hellip;]<\/p>\n","protected":false},"author":1969,"featured_media":0,"comment_status":"closed","ping_status":"closed","sticky":false,"template":"","format":"standard","meta":{"fifu_image_url":"","fifu_image_alt":"","footnotes":""},"categories":[82,78],"tags":[],"class_list":["post-145078","post","type-post","status-publish","format-standard","hentry","category-cameroun","category-economie"],"_links":{"self":[{"href":"https:\/\/linitiative.ca\/International\/wp-json\/wp\/v2\/posts\/145078","targetHints":{"allow":["GET"]}}],"collection":[{"href":"https:\/\/linitiative.ca\/International\/wp-json\/wp\/v2\/posts"}],"about":[{"href":"https:\/\/linitiative.ca\/International\/wp-json\/wp\/v2\/types\/post"}],"author":[{"embeddable":true,"href":"https:\/\/linitiative.ca\/International\/wp-json\/wp\/v2\/users\/1969"}],"replies":[{"embeddable":true,"href":"https:\/\/linitiative.ca\/International\/wp-json\/wp\/v2\/comments?post=145078"}],"version-history":[{"count":0,"href":"https:\/\/linitiative.ca\/International\/wp-json\/wp\/v2\/posts\/145078\/revisions"}],"wp:attachment":[{"href":"https:\/\/linitiative.ca\/International\/wp-json\/wp\/v2\/media?parent=145078"}],"wp:term":[{"taxonomy":"category","embeddable":true,"href":"https:\/\/linitiative.ca\/International\/wp-json\/wp\/v2\/categories?post=145078"},{"taxonomy":"post_tag","embeddable":true,"href":"https:\/\/linitiative.ca\/International\/wp-json\/wp\/v2\/tags?post=145078"}],"curies":[{"name":"wp","href":"https:\/\/api.w.org\/{rel}","templated":true}]}}