{"id":145079,"date":"2022-04-08T16:15:14","date_gmt":"2022-04-08T20:15:14","guid":{"rendered":"https:\/\/linitiative.ca\/International\/vers-un-rapprochement-entre-le-secteur-prive-camerounais-et-le-patronat-francophone\/"},"modified":"2022-04-08T16:15:14","modified_gmt":"2022-04-08T20:15:14","slug":"vers-un-rapprochement-entre-le-secteur-prive-camerounais-et-le-patronat-francophone","status":"publish","type":"post","link":"https:\/\/linitiative.ca\/International\/vers-un-rapprochement-entre-le-secteur-prive-camerounais-et-le-patronat-francophone\/","title":{"rendered":"Vers un rapprochement entre le secteur priv\u00e9 camerounais et le patronat francophone"},"content":{"rendered":"<div>\n<p>Deux ann\u00e9es apr\u00e8s avoir \u00e9t\u00e9 institu\u00e9, le Centre de D\u00e9veloppement de la PME (Cdpme), bras s\u00e9culier du Gicam en charge de\u00a0l\u2019accompagnement des PME et du soutien \u00e0 l\u2019entrepreneuriat, est sur le point de nouer un partenariat solide.\u00a0Son pr\u00e9sident, Jo\u00ebl Sikam, a rencontr\u00e9 le 29 Mars 2022 \u00e0 Paris Jean-Louis Blanchier, le Pr\u00e9sident du Groupement du Patronat Francophone (GPF) pour discuter sur un \u00e9ventuel rapprochement entre les deux instances. Les discussions ne sont qu\u2019au d\u00e9but mais si elles aboutissent, elles devraient permettre aux PME camerounaises membres du Cdpme de participer aux salons et foires de niveaux mondiale entra\u00eenant une meilleure visibilit\u00e9 et comp\u00e9titivit\u00e9 du Made In Cameroun. Bien plus,\u00a0le GPF qui mobilise un r\u00e9seau de repr\u00e9sentants patronaux et de structures professionnelles est pr\u00e9sent dans\u00a080 pays et dispose d\u2019un potentiel de plus de 250 000 000 de consommateurs est une opportunit\u00e9 strat\u00e9gique pour le secteur productif local. \u00ab\u00a0Au cours de nos \u00e9changes,<em>\u00a0j\u2019ai manifest\u00e9 l\u2019int\u00e9r\u00eat pour le D\u00e9veloppement durable et des axes de croissance et de nouveaux d\u00e9bouch\u00e9s pour nos PME- PMI; les opportunit\u00e9s pour les PME camerounaises de rattraper le retard sur les APE d\u2019une part; l\u2019 acc\u00e8s \u00e0 un r\u00e9seau \u00e9conomique et commercial de plus 80 pays membres du GPF, facteur de croissance et de d\u00e9bouch\u00e9s pour les Pme Camerounaises\u00bb a expliqu\u00e9 Jo\u00ebl Sikam \u00e0 EcoMatin.<\/em><\/p>\n<p><strong>Lire aussi : <a href=\"https:\/\/ecomatin.net\/lutte-contre-e-linflation-les-propositions-du-gicam\/\">Lutte contre l\u2019inflation\u00a0: les propositions du Gicam<\/a><\/strong><\/p>\n<p>Au Cameroun, les PME repr\u00e9sentent plus de 99% du nombre d\u2019entreprises (INS). Avec une contribution de 34% au chiffre d\u2019affaires total des entreprises, elles emploient plus de 7 travailleurs sur 10, soit 72,26% des emplois permanents.\u00a0Pourtant, elles souffrent essentiellement de d\u00e9ficits chroniques de fonds propres, de faiblesses dans leur management, de manque d\u2019actifs pour s\u00e9curiser les cr\u00e9dits bancaires et d\u2019absence d\u2019innovation technique. Des caract\u00e9ristiques qui excluent le plus souvent, les de tout financement bancaire. Pour Jo\u00ebl Sikam, le partenariat en gestation pourrait permettre aux cr\u00e9ateurs de richesses de trouver de nouvelles niches de financement. \u00ab\u00a0<em>L\u2019alliance avec le GPF nous donnera de nouveaux Horizons et un acc\u00e8s \u00e0 de nouveaux acteurs financiers \u00e9tablis dans les \u00c9tats membres du GPF. A travers cette alliance nous avons donc l\u2019opportunit\u00e9 d\u2019exposer la PME \u00e0 un panier plus large et plus qualifi\u00e9 d\u2019investisseurs, de financiers et aussi de cabinets Conseils qui pourront booster leur robustesse. Mais rappelons-nous aussi que le meilleur Financement est d\u2019abord issu de la vente du produit ou du service<\/em>\u00a0\u00bb explique t\u2019il.<\/p>\n<p><strong>Lire aussi : <a href=\"https:\/\/ecomatin.net\/le-fmi-et-le-gicam-preconisent-la-revalorisation-du-smig-pour-faire-face-a-linflation\/\">Le FMI et le Gicam pr\u00e9conisent la revalorisation du Smig pour faire face \u00e0 l\u2019inflation<\/a><\/strong><\/p>\n<p>Cr\u00e9\u00e9 en 2020, le Cdpme a pour mission de\u00a0f\u00e9d\u00e9rer les PME, PE et TPE qui n\u2019ont pas la possibilit\u00e9 d\u2019adh\u00e9rer directement au Gicam, mobiliser les acteurs pour leur soutien financier, p\u00e9renniser les services autonomes d\u2019accompagnement des entreprises\u00a0et mettre en place un service de veille strat\u00e9gique pour les PME entres autres.\u00a0Avec une centaine de membres affili\u00e9s, l\u2019organe esp\u00e8re f\u00e9d\u00e9rer la totalit\u00e9 des 357 Pmes que regorges le Gicam, et m\u00eame au-del\u00e0.\u00a0Figure de proue du centre, Jo\u00ebl Sikam est un industriel camerounais \u00e0 la t\u00eate de First transact international services company(Fisco SARL),\u00a0une soci\u00e9t\u00e9 bas\u00e9e \u00e0 Douala et sp\u00e9cialis\u00e9e dans la production et la commercialisation des solutions de nettoyage (d\u00e9tergents, eau de javel\u2026) et de produits parapharmaceutiques.<\/p>\n<p>L\u2019article <a rel=\"nofollow\" href=\"https:\/\/ecomatin.net\/vers-un-rapprochement-entre-le-secteur-prive-et-le-patronat-francophone\/\">Vers un rapprochement entre le secteur priv\u00e9 camerounais et le patronat francophone<\/a> est apparu en premier sur <a rel=\"nofollow\" href=\"https:\/\/ecomatin.net\/\">EcoMatin<\/a>.<\/p>\n<\/div>\n<p>Auteur: Cedrick JIONGO<br \/>\n<a href=\"https:\/\/ecomatin.net\/vers-un-rapprochement-entre-le-secteur-prive-et-le-patronat-francophone\/\">Cliquez ici pour lire l&rsquo;article depuis sa source.<\/a><\/p>\n","protected":false},"excerpt":{"rendered":"<p>Deux ann\u00e9es apr\u00e8s avoir \u00e9t\u00e9 institu\u00e9, le Centre de D\u00e9veloppement de la PME (Cdpme), bras s\u00e9culier du Gicam en charge de\u00a0l\u2019accompagnement des PME et du soutien \u00e0 l\u2019entrepreneuriat, est sur le point de nouer un partenariat solide.\u00a0Son pr\u00e9sident, Jo\u00ebl Sikam, a rencontr\u00e9 le 29 Mars 2022 \u00e0 Paris Jean-Louis Blanchier, le Pr\u00e9sident du Groupement du [&hellip;]<\/p>\n","protected":false},"author":1969,"featured_media":0,"comment_status":"closed","ping_status":"closed","sticky":false,"template":"","format":"standard","meta":{"fifu_image_url":"","fifu_image_alt":"","footnotes":""},"categories":[82,78],"tags":[],"class_list":["post-145079","post","type-post","status-publish","format-standard","hentry","category-cameroun","category-economie"],"_links":{"self":[{"href":"https:\/\/linitiative.ca\/International\/wp-json\/wp\/v2\/posts\/145079","targetHints":{"allow":["GET"]}}],"collection":[{"href":"https:\/\/linitiative.ca\/International\/wp-json\/wp\/v2\/posts"}],"about":[{"href":"https:\/\/linitiative.ca\/International\/wp-json\/wp\/v2\/types\/post"}],"author":[{"embeddable":true,"href":"https:\/\/linitiative.ca\/International\/wp-json\/wp\/v2\/users\/1969"}],"replies":[{"embeddable":true,"href":"https:\/\/linitiative.ca\/International\/wp-json\/wp\/v2\/comments?post=145079"}],"version-history":[{"count":0,"href":"https:\/\/linitiative.ca\/International\/wp-json\/wp\/v2\/posts\/145079\/revisions"}],"wp:attachment":[{"href":"https:\/\/linitiative.ca\/International\/wp-json\/wp\/v2\/media?parent=145079"}],"wp:term":[{"taxonomy":"category","embeddable":true,"href":"https:\/\/linitiative.ca\/International\/wp-json\/wp\/v2\/categories?post=145079"},{"taxonomy":"post_tag","embeddable":true,"href":"https:\/\/linitiative.ca\/International\/wp-json\/wp\/v2\/tags?post=145079"}],"curies":[{"name":"wp","href":"https:\/\/api.w.org\/{rel}","templated":true}]}}