{"id":145080,"date":"2022-04-08T17:48:44","date_gmt":"2022-04-08T21:48:44","guid":{"rendered":"https:\/\/linitiative.ca\/International\/creation-au-niveau-du-departement-du-chef-du-gouvernement-dune-unite-chargee-du-suivi-des-rapports-de-la-cour-des-comptes-et-des-cours-regionales\/"},"modified":"2022-04-08T17:48:44","modified_gmt":"2022-04-08T21:48:44","slug":"creation-au-niveau-du-departement-du-chef-du-gouvernement-dune-unite-chargee-du-suivi-des-rapports-de-la-cour-des-comptes-et-des-cours-regionales","status":"publish","type":"post","link":"https:\/\/linitiative.ca\/International\/creation-au-niveau-du-departement-du-chef-du-gouvernement-dune-unite-chargee-du-suivi-des-rapports-de-la-cour-des-comptes-et-des-cours-regionales\/","title":{"rendered":"Cr\u00e9ation au niveau du d\u00e9partement du chef du gouvernement d\u2019une unit\u00e9 charg\u00e9e du suivi des rapports de la Cour des Comptes et des Cours r\u00e9gionales"},"content":{"rendered":"<div>\n<p><img loading=\"lazy\" decoding=\"async\" width=\"300\" height=\"153\" src=\"https:\/\/linitiative.ca\/International\/wp-content\/uploads\/sites\/23\/2022\/04\/La-Cour-des-comptes-300x153-1.jpg\" class=\"attachment-medium size-medium wp-post-image\" alt=\"\" srcset=\"https:\/\/linitiative.ca\/International\/wp-content\/uploads\/sites\/23\/2022\/04\/La-Cour-des-comptes-300x153-1.jpg 300w, https:\/\/aujourdhui.ma\/wp-content\/uploads\/2020\/11\/La-Cour-des-comptes-274x140.jpg 274w, https:\/\/aujourdhui.ma\/wp-content\/uploads\/2020\/11\/La-Cour-des-comptes.jpg 746w, https:\/\/aujourdhui.ma\/wp-content\/uploads\/2020\/11\/La-Cour-des-comptes-165x84.jpg 165w, https:\/\/aujourdhui.ma\/wp-content\/uploads\/2020\/11\/La-Cour-des-comptes-702x358.jpg 702w\" sizes=\"auto, (max-width: 300px) 100vw, 300px\"><\/p>\n<p><span style=\"color: #800000;\"><strong>Une unit\u00e9 sp\u00e9cialis\u00e9e dans le suivi des mesures adopt\u00e9es pour la mise en oeuvre des recommandations contenues dans les rapports de la Cour des comptes et des Cours r\u00e9gionales des comptes a \u00e9t\u00e9 cr\u00e9\u00e9e au niveau du d\u00e9partement du Chef du gouvernement.<\/strong><\/span><\/p>\n<p><span id=\"more-404734\"><\/span><\/p>\n<p>Cette unit\u00e9, dont la supervision a \u00e9t\u00e9 confi\u00e9e \u00e0 Mohamed Essaouabi, ancien pr\u00e9sident de chambre \u00e0 la Cour des comptes, vise \u00e0 assurer le suivi r\u00e9gulier et permanent des mesures prises pour la mise en oeuvre des recommandations de ces rapports par les d\u00e9partements minist\u00e9riels concern\u00e9s et les organismes publics plac\u00e9s sous leurs tutelles, indique vendredi un communiqu\u00e9 du d\u00e9partement du Chef du gouvernement.<\/p>\n<p>\u00a0<\/p>\n<p>Elle a aussi pour objectif de surmonter les difficult\u00e9s pouvant entraver l\u2019application de ces recommandations et ce en coordination avec les interlocuteurs officiels d\u00e9sign\u00e9s au niveau de chaque d\u00e9partement minist\u00e9riel suite \u00e0 la publication en date du 03 juin 2021 d\u2019une circulaire du chef du gouvernement relative au renforcement de la communication avec la Cour des comptes et les Cours r\u00e9gionales des comptes, ajoute la m\u00eame source.<\/p>\n<p>\u00a0<\/p>\n<p>La nouvelle structure ambitionne d\u2019am\u00e9liorer l\u2019efficience des rapports r\u00e9alis\u00e9s par la Cour des comptes et les Cours r\u00e9gionales des comptes dans diff\u00e9rents domaines, notamment en ce qui concerne l\u2019\u00e9valuation du taux de r\u00e9alisation des grandes projets de d\u00e9veloppement et de leur mise en oeuvre sur le plan territorial, ainsi que leur impact sur le niveau de vie des citoyens, outre l\u2019interaction positive avec les recommandations contenues dans les rapports, en vue d\u2019am\u00e9liorer le management public et de consolider les principes et valeurs de bonne gouvernance.<\/p>\n<p>\u00a0<\/p>\n<p>L\u2019unit\u00e9 assurera \u00e9galement le suivi des mesures et d\u00e9marches entreprises par les d\u00e9partements minist\u00e9riels concern\u00e9s pour la mise en oeuvre de la strat\u00e9gie nationale de lutte contre la corruption et l\u2019harmonisation avec les standards internationaux du syst\u00e8me national de lutte contre le blanchiment d\u2019argent et le financement du terrorisme, conclut le communiqu\u00e9.<\/p>\n<p>\u00a0<\/p>\n<\/div>\n<p>Auteur: ALM<br \/>\n<a href=\"https:\/\/aujourdhui.ma\/actualite\/creation-au-niveau-du-departement-du-chef-du-gouvernement-dune-unite-chargee-du-suivi-des-rapports-de-la-cour-des-comptes-et-des-cours-regionales\">Cliquez ici pour lire l&rsquo;article depuis sa source.<\/a><\/p>\n","protected":false},"excerpt":{"rendered":"<p>Une unit\u00e9 sp\u00e9cialis\u00e9e dans le suivi des mesures adopt\u00e9es pour la mise en oeuvre des recommandations contenues dans les rapports de la Cour des comptes et des Cours r\u00e9gionales des comptes a \u00e9t\u00e9 cr\u00e9\u00e9e au niveau du d\u00e9partement du Chef du gouvernement. Cette unit\u00e9, dont la supervision a \u00e9t\u00e9 confi\u00e9e \u00e0 Mohamed Essaouabi, ancien pr\u00e9sident [&hellip;]<\/p>\n","protected":false},"author":1759,"featured_media":0,"comment_status":"closed","ping_status":"closed","sticky":false,"template":"","format":"standard","meta":{"fifu_image_url":"https:\/\/aujourdhui.ma\/wp-content\/uploads\/2020\/11\/La-Cour-des-comptes-300x153.jpg","fifu_image_alt":"Cr\u00e9ation au niveau du d\u00e9partement du chef du gouvernement d\u2019une unit\u00e9 charg\u00e9e du suivi des rapports de la Cour des Comptes et des Cours r\u00e9gionales","footnotes":""},"categories":[73,54],"tags":[],"class_list":["post-145080","post","type-post","status-publish","format-standard","hentry","category-actualite","category-maroc"],"_links":{"self":[{"href":"https:\/\/linitiative.ca\/International\/wp-json\/wp\/v2\/posts\/145080","targetHints":{"allow":["GET"]}}],"collection":[{"href":"https:\/\/linitiative.ca\/International\/wp-json\/wp\/v2\/posts"}],"about":[{"href":"https:\/\/linitiative.ca\/International\/wp-json\/wp\/v2\/types\/post"}],"author":[{"embeddable":true,"href":"https:\/\/linitiative.ca\/International\/wp-json\/wp\/v2\/users\/1759"}],"replies":[{"embeddable":true,"href":"https:\/\/linitiative.ca\/International\/wp-json\/wp\/v2\/comments?post=145080"}],"version-history":[{"count":0,"href":"https:\/\/linitiative.ca\/International\/wp-json\/wp\/v2\/posts\/145080\/revisions"}],"wp:attachment":[{"href":"https:\/\/linitiative.ca\/International\/wp-json\/wp\/v2\/media?parent=145080"}],"wp:term":[{"taxonomy":"category","embeddable":true,"href":"https:\/\/linitiative.ca\/International\/wp-json\/wp\/v2\/categories?post=145080"},{"taxonomy":"post_tag","embeddable":true,"href":"https:\/\/linitiative.ca\/International\/wp-json\/wp\/v2\/tags?post=145080"}],"curies":[{"name":"wp","href":"https:\/\/api.w.org\/{rel}","templated":true}]}}