{"id":145085,"date":"2022-04-09T08:17:58","date_gmt":"2022-04-09T12:17:58","guid":{"rendered":"https:\/\/linitiative.ca\/International\/la-majorite-gouvernementale-resolue-a-soutenir-les-citoyens-et-faire-face-aux-repercussions-de-la-conjoncture-internationale\/"},"modified":"2022-04-09T08:17:58","modified_gmt":"2022-04-09T12:17:58","slug":"la-majorite-gouvernementale-resolue-a-soutenir-les-citoyens-et-faire-face-aux-repercussions-de-la-conjoncture-internationale","status":"publish","type":"post","link":"https:\/\/linitiative.ca\/International\/la-majorite-gouvernementale-resolue-a-soutenir-les-citoyens-et-faire-face-aux-repercussions-de-la-conjoncture-internationale\/","title":{"rendered":"La majorit\u00e9 gouvernementale r\u00e9solue \u00e0 soutenir les citoyens et faire face aux r\u00e9percussions de la conjoncture internationale"},"content":{"rendered":"<div>\n<p><img loading=\"lazy\" decoding=\"async\" width=\"300\" height=\"153\" src=\"https:\/\/linitiative.ca\/International\/wp-content\/uploads\/sites\/23\/2022\/04\/Akhannouch-Ouahbi-Baraka-majorite-gouvernementale-300x153-1.jpg\" class=\"attachment-medium size-medium wp-post-image\" alt=\"\" srcset=\"https:\/\/linitiative.ca\/International\/wp-content\/uploads\/sites\/23\/2022\/04\/Akhannouch-Ouahbi-Baraka-majorite-gouvernementale-300x153-1.jpg 300w, https:\/\/aujourdhui.ma\/wp-content\/uploads\/2022\/04\/Akhannouch-Ouahbi-Baraka-majorite-gouvernementale-274x140.jpg 274w, https:\/\/aujourdhui.ma\/wp-content\/uploads\/2022\/04\/Akhannouch-Ouahbi-Baraka-majorite-gouvernementale.jpg 746w, https:\/\/aujourdhui.ma\/wp-content\/uploads\/2022\/04\/Akhannouch-Ouahbi-Baraka-majorite-gouvernementale-165x84.jpg 165w, https:\/\/aujourdhui.ma\/wp-content\/uploads\/2022\/04\/Akhannouch-Ouahbi-Baraka-majorite-gouvernementale-702x358.jpg 702w\" sizes=\"auto, (max-width: 300px) 100vw, 300px\"><\/p>\n<p><span style=\"font-size: 20px; color: #800000;\"><strong>La pr\u00e9sidence de la coalition de la majorit\u00e9 gouvernementale a r\u00e9affirm\u00e9 son engagement \u00e0 soutenir les citoyens pour faire face aux r\u00e9percussions de la conjoncture internationale, marqu\u00e9e notamment par le conflit russo-ukrainien et l\u2019impact \u00e9conomique qui en d\u00e9coule.<\/strong><\/span><span id=\"more-404736\"><\/span><\/p>\n<p>Cette annonce a \u00e9t\u00e9 faite vendredi lors la r\u00e9union mensuelle de la coalition sous la pr\u00e9sidence du pr\u00e9sident du Rassemblement national des ind\u00e9pendants (RNI), Aziz Akhannouch, en pr\u00e9sence des secr\u00e9taires g\u00e9n\u00e9raux du Parti authenticit\u00e9 et modernit\u00e9 (PAM), Abdellatif Ouahbi, et de l\u2019Istiqlal, Nizar Baraka.<\/p>\n<p>Dans ce cadre, M. Akhannouch a affirm\u00e9 que le gouvernement, malgr\u00e9 le contexte international difficile marqu\u00e9 par les r\u00e9percussions \u00e9conomiques de la crise russo-ukrainien, notamment la flamb\u00e9e des prix de certains produits, a pris une s\u00e9rie de mesures pour att\u00e9nuer les effets de cette crise, particuli\u00e8rement dans les secteurs du tourisme, du transport et de l\u2019agriculture.<\/p>\n<p>Il a soulign\u00e9 que la rentr\u00e9e parlementaire lors de la session du printemps sera l\u2019occasion de consacrer le principe de l\u2019Etat social \u00e0 travers la poursuite de la mise en application des programmes de protection sociale et des projets relatifs \u00e0 l\u2019enseignement, la sant\u00e9 et l\u2019emploi.<\/p>\n<p>La dynamique de l\u2019action gouvernementale et son rythme acc\u00e9l\u00e9r\u00e9 permettront de mettre en \u0153uvre et de concr\u00e9tiser tous les programmes du gouvernement, a-t-il relev\u00e9, notant qu\u2019en d\u00e9pit de la crise, \u00ab\u00a0rien ne peut impacter l\u2019effort de concr\u00e9tisation du programme gouvernemental\u00a0\u00bb.<\/p>\n<p>M. Akhannouch a \u00e9voqu\u00e9 dans ce sillage le lancement des programmes \u00ab\u00a0Forsa\u00a0\u00bb et \u00ab\u00a0Awrach\u00a0\u00bb, dot\u00e9s d\u2019une enveloppe budg\u00e9taire tr\u00e8s importante, affirmant que le gouvernement continuera d\u2019interagir rapidement \u00e0 toutes les probl\u00e9matiques pour les traiter et y trouver les solutions ad\u00e9quates.<\/p>\n<p>Pour sa part, Nizar Baraka a d\u00e9clar\u00e9 que la coalition gouvernementale est consciente de la situation difficile que traverse le pays en raison des r\u00e9percussions du conflit Russie\/Ukraine et son impact mondial. Cependant, \u00ab\u00a0nous sommes fermement r\u00e9solus \u00e0 travailler pour att\u00e9nuer l\u2019impact de cette conjoncture sur les citoyens et les entreprises\u00a0\u00bb, a-t-il affirm\u00e9.<\/p>\n<p>M. Baraka a fait observer que malgr\u00e9 la crise, le gouvernement n\u2019a pris aucune mesure pour r\u00e9duire les investissements, affirmant que le gouvernement est mobilis\u00e9 pour servir les citoyens, notamment la classe moyenne et les cat\u00e9gories \u00e0 faible revenu, et les prot\u00e9ger contre les fluctuations de la conjoncture actuelle.<\/p>\n<p>M. Ouahbi a de son c\u00f4t\u00e9 soulign\u00e9 que l\u2019engagement du gouvernement \u00e0 att\u00e9nuer les r\u00e9percussions n\u00e9gatives de la crise \u00ab\u00a0illustre \u00e0 quel point notre \u00e9conomie reste solide et capable de faire face aux d\u00e9fis\u00a0\u00bb.<\/p>\n<p>La nouvelle session parlementaire sera marqu\u00e9e par la discussion d\u2019une s\u00e9rie de lois comme pr\u00e9lude \u00e0 des r\u00e9formes de port\u00e9e politique et institutionnelle, de m\u00eame que par un d\u00e9bat \u00e9largi au sein des deux chambres de l\u2019H\u00e9micycle.<\/p>\n<p>Sur un autre registre, les partis de la majorit\u00e9 ont hautement appr\u00e9ci\u00e9 la visite effectu\u00e9e par le pr\u00e9sident du gouvernement espagnol P\u00e9dro Sanchez au Maroc, formant le v\u0153u de voir les deux pays ouvrir une nouvelle \u00e9tape dans les relations bilat\u00e9rales fond\u00e9e sur la clart\u00e9 et la coop\u00e9ration sinc\u00e8re.<\/p>\n<p>Cette visite vient couronner l\u2019entretien t\u00e9l\u00e9phonique entre SM le Roi Mohammed VI et le chef de l\u2019ex\u00e9cutif espagnol qui a permis de d\u00e9finir une nouvelle feuille de route pour l\u2019\u00e9dification de relations bilat\u00e9rales faites de confiance mutuelle, indique-t-on dans un communiqu\u00e9 conjoint.<\/p>\n<p>Les partis de la majorit\u00e9 ont en outre salu\u00e9 les efforts d\u00e9ploy\u00e9s en faveur du monde rural \u00e0 divers niveaux, notamment le renforcement des infrastructures et l\u2019appui aux agriculteurs en vue d\u2019all\u00e9ger le fardeau du retard pluviom\u00e9trique.<\/p>\n<p>Ils se sont dits satisfaits apr\u00e8s l\u2019adoption du Programme d\u2019urgence pour garantir la continuit\u00e9 de l\u2019approvisionnement en eau potable dans les diff\u00e9rentes villes et les zones rurales qui p\u00e2tissent des contrecoups de la p\u00e9nurie de cette source vitale.<\/p>\n<\/div>\n<p>Auteur: ALM<br \/>\n<a href=\"https:\/\/aujourdhui.ma\/politique\/la-majorite-gouvernementale-resolue-a-soutenir-les-citoyens-et-faire-face-aux-repercussions-de-la-conjoncture-internationale\">Cliquez ici pour lire l&rsquo;article depuis sa source.<\/a><\/p>\n","protected":false},"excerpt":{"rendered":"<p>La pr\u00e9sidence de la coalition de la majorit\u00e9 gouvernementale a r\u00e9affirm\u00e9 son engagement \u00e0 soutenir les citoyens pour faire face aux r\u00e9percussions de la conjoncture internationale, marqu\u00e9e notamment par le conflit russo-ukrainien et l\u2019impact \u00e9conomique qui en d\u00e9coule. Cette annonce a \u00e9t\u00e9 faite vendredi lors la r\u00e9union mensuelle de la coalition sous la pr\u00e9sidence du [&hellip;]<\/p>\n","protected":false},"author":1759,"featured_media":0,"comment_status":"closed","ping_status":"closed","sticky":false,"template":"","format":"standard","meta":{"fifu_image_url":"https:\/\/aujourdhui.ma\/wp-content\/uploads\/2022\/04\/Akhannouch-Ouahbi-Baraka-majorite-gouvernementale-300x153.jpg","fifu_image_alt":"La majorit\u00e9 gouvernementale r\u00e9solue \u00e0 soutenir les citoyens et faire face aux r\u00e9percussions de la conjoncture internationale","footnotes":""},"categories":[73,54],"tags":[],"class_list":["post-145085","post","type-post","status-publish","format-standard","hentry","category-actualite","category-maroc"],"_links":{"self":[{"href":"https:\/\/linitiative.ca\/International\/wp-json\/wp\/v2\/posts\/145085","targetHints":{"allow":["GET"]}}],"collection":[{"href":"https:\/\/linitiative.ca\/International\/wp-json\/wp\/v2\/posts"}],"about":[{"href":"https:\/\/linitiative.ca\/International\/wp-json\/wp\/v2\/types\/post"}],"author":[{"embeddable":true,"href":"https:\/\/linitiative.ca\/International\/wp-json\/wp\/v2\/users\/1759"}],"replies":[{"embeddable":true,"href":"https:\/\/linitiative.ca\/International\/wp-json\/wp\/v2\/comments?post=145085"}],"version-history":[{"count":0,"href":"https:\/\/linitiative.ca\/International\/wp-json\/wp\/v2\/posts\/145085\/revisions"}],"wp:attachment":[{"href":"https:\/\/linitiative.ca\/International\/wp-json\/wp\/v2\/media?parent=145085"}],"wp:term":[{"taxonomy":"category","embeddable":true,"href":"https:\/\/linitiative.ca\/International\/wp-json\/wp\/v2\/categories?post=145085"},{"taxonomy":"post_tag","embeddable":true,"href":"https:\/\/linitiative.ca\/International\/wp-json\/wp\/v2\/tags?post=145085"}],"curies":[{"name":"wp","href":"https:\/\/api.w.org\/{rel}","templated":true}]}}