{"id":145087,"date":"2022-04-09T07:59:45","date_gmt":"2022-04-09T11:59:45","guid":{"rendered":"https:\/\/linitiative.ca\/International\/previsions-meteorologiques-pour-le-dimanche-10-avril-2022\/"},"modified":"2022-04-09T07:59:45","modified_gmt":"2022-04-09T11:59:45","slug":"previsions-meteorologiques-pour-le-dimanche-10-avril-2022","status":"publish","type":"post","link":"https:\/\/linitiative.ca\/International\/previsions-meteorologiques-pour-le-dimanche-10-avril-2022\/","title":{"rendered":"Pr\u00e9visions m\u00e9t\u00e9orologiques pour le dimanche 10 avril 2022"},"content":{"rendered":"<div>\n<div style=\"margin-bottom:20px;\"><img loading=\"lazy\" decoding=\"async\" width=\"750\" height=\"430\" src=\"https:\/\/linitiative.ca\/International\/wp-content\/uploads\/sites\/23\/2022\/04\/soleil.jpg\" class=\"attachment-post-thumbnail size-post-thumbnail wp-post-image\" alt=\"\" srcset=\"https:\/\/linitiative.ca\/International\/wp-content\/uploads\/sites\/23\/2022\/04\/soleil.jpg 750w, https:\/\/www.mapmarrakech.ma\/map\/uploads\/2022\/04\/soleil-300x172.jpg 300w\" sizes=\"auto, (max-width: 750px) 100vw, 750px\"><\/div>\n<p>\u2013 Nuages bas denses avec bruine locale sur les c\u00f4tes atlantiques centre et la rive m\u00e9diterran\u00e9enne.<\/p>\n<p>\u2013 Formations brumeuses par endroits pr\u00e8s des c\u00f4tes.<\/p>\n<p>\u2013 Temp\u00e9ratures du jour en hausse sensible sur le Nord-Ouest.<\/p>\n<p>\u2013 Temps stable avec circulation de nuages \u00e9lev\u00e9s ailleurs.<\/p>\n<p>\u2013 Rafales de vent assez fortes sur l\u2019Oriental, l\u2019Atlas, la M\u00e9diterran\u00e9e, le Tang\u00e9rois et les c\u00f4tes Sud.<\/p>\n<p>\u2013 Chasse-poussi\u00e8res par endroits sur l\u2019int\u00e9rieur des provinces Sud, le sud de l\u2019Oriental et le Sud-Est.<\/p>\n<p>\u2013 Temp\u00e9ratures minimales de l\u2019ordre de 02\/07\u00b0C sur l\u2019Atlas, 05\/10\u00b0C sur le Rif, 10\/14\u00b0C sur l\u2019Oriental, le Sud-Est, le Saiss, la M\u00e9diterran\u00e9e, les plateaux de Phosphates et Oulm\u00e8s et les plaines atlantiques nord et de 14\/19\u00b0C en g\u00e9n\u00e9ral ailleurs.<\/p>\n<p>\u2013 Temp\u00e9ratures du jour en hausse sensible sur le Nord-Ouest et le nord de l\u2019Oriental.<\/p>\n<p>\u2013 Mer belle \u00e0 peu agit\u00e9e en M\u00e9diterran\u00e9e, peu agit\u00e9e \u00e0 agit\u00e9e sur le D\u00e9troit et entre Tan-Tan et Boujdour et agit\u00e9e le long du littoral.<\/p>\n<p>The post <a rel=\"nofollow\" href=\"https:\/\/www.mapmarrakech.ma\/fr\/previsions-meteorologiques-pour-le-dimanche-10-avril-2022\/\">Pr\u00e9visions m\u00e9t\u00e9orologiques pour le dimanche 10 avril 2022<\/a> appeared first on <a rel=\"nofollow\" href=\"https:\/\/www.mapmarrakech.ma\/fr\">MapMarrakech<\/a>.<\/p>\n<\/div>\n<p>Auteur: Meriem IGASS<br \/>\n<a href=\"https:\/\/www.mapmarrakech.ma\/fr\/previsions-meteorologiques-pour-le-dimanche-10-avril-2022\/\">Cliquez ici pour lire l&rsquo;article depuis sa source.<\/a><\/p>\n","protected":false},"excerpt":{"rendered":"<p>\u2013 Nuages bas denses avec bruine locale sur les c\u00f4tes atlantiques centre et la rive m\u00e9diterran\u00e9enne. \u2013 Formations brumeuses par endroits pr\u00e8s des c\u00f4tes. \u2013 Temp\u00e9ratures du jour en hausse sensible sur le Nord-Ouest. \u2013 Temps stable avec circulation de nuages \u00e9lev\u00e9s ailleurs. \u2013 Rafales de vent assez fortes sur l\u2019Oriental, l\u2019Atlas, la M\u00e9diterran\u00e9e, le [&hellip;]<\/p>\n","protected":false},"author":1788,"featured_media":0,"comment_status":"closed","ping_status":"closed","sticky":false,"template":"","format":"standard","meta":{"fifu_image_url":"https:\/\/www.mapmarrakech.ma\/map\/uploads\/2022\/04\/soleil.jpg","fifu_image_alt":"Pr\u00e9visions m\u00e9t\u00e9orologiques pour le dimanche 10 avril 2022","footnotes":""},"categories":[54,76],"tags":[],"class_list":["post-145087","post","type-post","status-publish","format-standard","hentry","category-maroc","category-regions"],"_links":{"self":[{"href":"https:\/\/linitiative.ca\/International\/wp-json\/wp\/v2\/posts\/145087","targetHints":{"allow":["GET"]}}],"collection":[{"href":"https:\/\/linitiative.ca\/International\/wp-json\/wp\/v2\/posts"}],"about":[{"href":"https:\/\/linitiative.ca\/International\/wp-json\/wp\/v2\/types\/post"}],"author":[{"embeddable":true,"href":"https:\/\/linitiative.ca\/International\/wp-json\/wp\/v2\/users\/1788"}],"replies":[{"embeddable":true,"href":"https:\/\/linitiative.ca\/International\/wp-json\/wp\/v2\/comments?post=145087"}],"version-history":[{"count":0,"href":"https:\/\/linitiative.ca\/International\/wp-json\/wp\/v2\/posts\/145087\/revisions"}],"wp:attachment":[{"href":"https:\/\/linitiative.ca\/International\/wp-json\/wp\/v2\/media?parent=145087"}],"wp:term":[{"taxonomy":"category","embeddable":true,"href":"https:\/\/linitiative.ca\/International\/wp-json\/wp\/v2\/categories?post=145087"},{"taxonomy":"post_tag","embeddable":true,"href":"https:\/\/linitiative.ca\/International\/wp-json\/wp\/v2\/tags?post=145087"}],"curies":[{"name":"wp","href":"https:\/\/api.w.org\/{rel}","templated":true}]}}