{"id":145089,"date":"2022-04-09T12:23:07","date_gmt":"2022-04-09T16:23:07","guid":{"rendered":"https:\/\/linitiative.ca\/International\/le-ministere-sattelle-a-la-mise-en-place-dun-si-fonde-sur-le-dossier-patient\/"},"modified":"2022-04-09T12:23:07","modified_gmt":"2022-04-09T16:23:07","slug":"le-ministere-sattelle-a-la-mise-en-place-dun-si-fonde-sur-le-dossier-patient","status":"publish","type":"post","link":"https:\/\/linitiative.ca\/International\/le-ministere-sattelle-a-la-mise-en-place-dun-si-fonde-sur-le-dossier-patient\/","title":{"rendered":"Le minist\u00e8re s\u2019attelle \u00e0 la mise en place d\u2019un SI fond\u00e9 sur le dossier patient"},"content":{"rendered":"<div>\n<div style=\"margin-bottom:20px;\"><img loading=\"lazy\" decoding=\"async\" width=\"750\" height=\"430\" src=\"https:\/\/linitiative.ca\/International\/wp-content\/uploads\/sites\/23\/2022\/04\/ait-taleb-750C397430-MAP.jpg\" class=\"attachment-post-thumbnail size-post-thumbnail wp-post-image\" alt=\"\" srcset=\"https:\/\/linitiative.ca\/International\/wp-content\/uploads\/sites\/23\/2022\/04\/ait-taleb-750C397430-MAP.jpg 750w, https:\/\/www.mapoujda.ma\/map\/uploads\/2022\/04\/ait-taleb-750\u00d7430-MAP-300x172.jpg 300w\" sizes=\"auto, (max-width: 750px) 100vw, 750px\"><\/div>\n<p style=\"text-align: justify;\">Le minist\u00e8re de la Sant\u00e9 et de la Protection sociale s\u2019att\u00e8le \u00e0 la mise en place d\u2019un syst\u00e8me d\u2019information int\u00e9gr\u00e9, bas\u00e9 sur le dossier patient et englobant aussi bien les \u00e9tablissements de soins de sant\u00e9 primaires que les \u00e9tablissements hospitaliers.<\/p>\n<p style=\"text-align: justify;\">Cette annonc\u00e9 a \u00e9t\u00e9 faite par le ministre Khalid Ait Taleb, vendredi \u00e0 Rabat,\u00a0lors\u00a0d\u2019une c\u00e9r\u00e9monie de pr\u00e9sentation du livre blanc sur la e-sant\u00e9 au Maroc,\u00a0\u00ab\u00a0R\u00e9alit\u00e9s, enjeux et leviers de d\u00e9veloppement\u00a0\u00bb, en pr\u00e9sence notamment\u00a0du ministre de l\u2019Enseignement sup\u00e9rieur, de la recherche scientifique et de l\u2019innovation, Abdellatif Miraoui, de la ministre d\u00e9l\u00e9gu\u00e9e en charge de la Transition num\u00e9rique et de la r\u00e9forme de l\u2019administration, Ghita Mezzour.<\/p>\n<p style=\"text-align: justify;\">Ce projet, qui constitue un des piliers de la refonte du syst\u00e8me de sant\u00e9 national, permettra de mettre fin au cloisonnement et \u00e0 la fragmentation des syst\u00e8mes existants, a-t-il soulign\u00e9, notant que\u00a0malgr\u00e9 leur caract\u00e8re fragment\u00e9 et cloisonn\u00e9, plusieurs projets de syst\u00e8me d\u2019information hospitalier ont pu voir le jour, que ce soit au niveau des CHU ou au niveau des R\u00e9gions Sanitaires.<\/p>\n<p style=\"text-align: justify;\">Certains programmes nationaux de sant\u00e9 ont \u00e9galement pu d\u00e9velopper leur propre syst\u00e8me d\u2019information, a-t-il relev\u00e9, citant, \u00e0 titre d\u2019exemple, le Programme National de la Sant\u00e9 de la M\u00e8re et de l\u2019Enfant (Application SMI-PF) et le Programme National de Lutte antituberculeuse (Application ISILAT bas\u00e9e sur le dossier patient).<\/p>\n<p style=\"text-align: justify;\">Pour ce qui est de la t\u00e9l\u00e9m\u00e9decine,\u00a0M. Ait Taleb\u00a0a fait savoir que le Maroc dispose d\u2019un cadre juridique complet permettant l\u2019exercice de la t\u00e9l\u00e9m\u00e9decine en ad\u00e9quation avec la loi 131-13 relative \u00e0 l\u2019exercice de la m\u00e9decine et la loi 09-08 relative \u00e0 la protection des personnes physiques \u00e0 l\u2019\u00e9gard du traitement des donn\u00e9es \u00e0 caract\u00e8re personnel.<\/p>\n<p style=\"text-align: justify;\">Selon lui, le d\u00e9veloppement de la e-sant\u00e9 demeure le moyen le plus s\u00fbr de placer la m\u00e9decine \u00e0 la port\u00e9e de tous, \u00e9quitablement, sans aucune distinction.<\/p>\n<p style=\"text-align: justify;\">Les exp\u00e9riences men\u00e9es \u00e0 ce jour prouvent qu\u2019il est notamment possible, gr\u00e2ce \u00e0 la mise en \u0153uvre de solutions num\u00e9riques, de favoriser les \u00e9changes technologiques en sant\u00e9 humaine, de rem\u00e9dier \u00e0 la carence en ressources humaines et de promouvoir l\u2019apprentissage des sciences m\u00e9dicales, pour le plus grand b\u00e9n\u00e9fice de tous, a-t-il argu\u00e9.<\/p>\n<p style=\"text-align: justify;\">De ce point de vue, a poursuivi le ministre, le livre blanc sur la e-sant\u00e9 au Maroc, tel qu\u2019il a \u00e9t\u00e9 \u00e9labor\u00e9, est d\u2019un int\u00e9r\u00eat capital dans la mesure o\u00f9 il permet d\u2019exposer \u00e0 grands traits les sp\u00e9cificit\u00e9s et les opportunit\u00e9s de l\u2019\u00e9cosyst\u00e8me de sant\u00e9 num\u00e9rique, tant \u00e0 l\u2019\u00e9chelle nationale qu\u2019\u00e0 l\u2019\u00e9chelle r\u00e9gionale et internationale.<\/p>\n<p style=\"text-align: justify;\">Pour M. Ait Taleb, gr\u00e2ce aux recommandations issues des diff\u00e9rentes enqu\u00eates r\u00e9alis\u00e9es, il est d\u00e9sormais possible de tracer autour des technologies les plus r\u00e9centes de l\u2019information et de la communication, les contours d\u2019un sch\u00e9ma de services \u00e0 forte valeur ajout\u00e9e, un sch\u00e9ma innovant, r\u00e9actif et durable.<\/p>\n<p style=\"text-align: justify;\">Mettant en exergue l\u2019exp\u00e9rience pionni\u00e8re du Maroc en mati\u00e8re de lutte contre la pand\u00e9mie CoViD-19, le ministre a soulign\u00e9 qu\u2019en peu de temps et malgr\u00e9 les contraintes li\u00e9es \u00e0 la crise sanitaire, plusieurs solutions num\u00e9riques, publiques et priv\u00e9es, ont \u00e9t\u00e9 con\u00e7ues et d\u00e9ploy\u00e9es, avec beaucoup de succ\u00e8s.<\/p>\n<p style=\"text-align: justify;\">Gr\u00e2ce \u00e0 ce genre d\u2019innovation num\u00e9rique, le syst\u00e8me de sant\u00e9 national a pu se d\u00e9marquer par sa r\u00e9silience et sa r\u00e9activit\u00e9 face \u00e0 un contexte \u00e9pid\u00e9miologique, social et \u00e9conomique des plus incertains, s\u2019est-il r\u00e9jouit.<\/p>\n<p style=\"text-align: justify;\">R\u00e9alis\u00e9 par le Centre d\u2019innovation en e-sant\u00e9, relevant de l\u2019Universit\u00e9 Mohamed V de Rabat,\u00a0le livre blanc sur la e-sant\u00e9 au Maroc, d\u2019une centaine de pages, a pour objectif de fournir l\u2019information actualis\u00e9e et pertinente sur la r\u00e9alit\u00e9 de la e-sant\u00e9, d\u2019identifier les atouts et faiblesses du syst\u00e8me national de sant\u00e9 et de saisir les opportunit\u00e9s et enjeux de l\u2019int\u00e9gration des solutions disponibles.<\/p>\n<p>L\u2019article <a rel=\"nofollow\" href=\"https:\/\/www.mapoujda.ma\/fr\/le-ministere-sattelle-a-la-mise-en-place-dun-si-fonde-sur-le-dossier-patient\/\">Le minist\u00e8re s\u2019attelle \u00e0 la mise en place d\u2019un SI fond\u00e9 sur le dossier patient<\/a> est apparu en premier sur <a rel=\"nofollow\" href=\"https:\/\/www.mapoujda.ma\/fr\">MapOujda<\/a>.<\/p>\n<\/div>\n<p>Auteur: Soufiane ELAHMAR<br \/>\n<a href=\"https:\/\/www.mapoujda.ma\/fr\/le-ministere-sattelle-a-la-mise-en-place-dun-si-fonde-sur-le-dossier-patient\/\">Cliquez ici pour lire l&rsquo;article depuis sa source.<\/a><\/p>\n","protected":false},"excerpt":{"rendered":"<p>Le minist\u00e8re de la Sant\u00e9 et de la Protection sociale s\u2019att\u00e8le \u00e0 la mise en place d\u2019un syst\u00e8me d\u2019information int\u00e9gr\u00e9, bas\u00e9 sur le dossier patient et englobant aussi bien les \u00e9tablissements de soins de sant\u00e9 primaires que les \u00e9tablissements hospitaliers. Cette annonc\u00e9 a \u00e9t\u00e9 faite par le ministre Khalid Ait Taleb, vendredi \u00e0 Rabat,\u00a0lors\u00a0d\u2019une c\u00e9r\u00e9monie [&hellip;]<\/p>\n","protected":false},"author":1788,"featured_media":0,"comment_status":"closed","ping_status":"closed","sticky":false,"template":"","format":"standard","meta":{"fifu_image_url":"https:\/\/www.mapoujda.ma\/map\/uploads\/2022\/04\/ait-taleb-750\u00d7430-MAP.jpg","fifu_image_alt":"Le minist\u00e8re s\u2019attelle \u00e0 la mise en place d\u2019un SI fond\u00e9 sur le dossier patient","footnotes":""},"categories":[54,76],"tags":[],"class_list":["post-145089","post","type-post","status-publish","format-standard","hentry","category-maroc","category-regions"],"_links":{"self":[{"href":"https:\/\/linitiative.ca\/International\/wp-json\/wp\/v2\/posts\/145089","targetHints":{"allow":["GET"]}}],"collection":[{"href":"https:\/\/linitiative.ca\/International\/wp-json\/wp\/v2\/posts"}],"about":[{"href":"https:\/\/linitiative.ca\/International\/wp-json\/wp\/v2\/types\/post"}],"author":[{"embeddable":true,"href":"https:\/\/linitiative.ca\/International\/wp-json\/wp\/v2\/users\/1788"}],"replies":[{"embeddable":true,"href":"https:\/\/linitiative.ca\/International\/wp-json\/wp\/v2\/comments?post=145089"}],"version-history":[{"count":0,"href":"https:\/\/linitiative.ca\/International\/wp-json\/wp\/v2\/posts\/145089\/revisions"}],"wp:attachment":[{"href":"https:\/\/linitiative.ca\/International\/wp-json\/wp\/v2\/media?parent=145089"}],"wp:term":[{"taxonomy":"category","embeddable":true,"href":"https:\/\/linitiative.ca\/International\/wp-json\/wp\/v2\/categories?post=145089"},{"taxonomy":"post_tag","embeddable":true,"href":"https:\/\/linitiative.ca\/International\/wp-json\/wp\/v2\/tags?post=145089"}],"curies":[{"name":"wp","href":"https:\/\/api.w.org\/{rel}","templated":true}]}}