{"id":145093,"date":"2022-04-09T09:17:02","date_gmt":"2022-04-09T13:17:02","guid":{"rendered":"https:\/\/linitiative.ca\/International\/conjoncture-internationale-flambee-de-prix-la-majorite-tente-de-rassurer\/"},"modified":"2022-04-09T09:17:02","modified_gmt":"2022-04-09T13:17:02","slug":"conjoncture-internationale-flambee-de-prix-la-majorite-tente-de-rassurer","status":"publish","type":"post","link":"https:\/\/linitiative.ca\/International\/conjoncture-internationale-flambee-de-prix-la-majorite-tente-de-rassurer\/","title":{"rendered":"Conjoncture internationale\/ Flamb\u00e9e de prix: La majorit\u00e9 tente de rassurer"},"content":{"rendered":"<div>\n<div class=\"field field-name-body field-type-text-with-summary field-label-hidden\">\n<div class=\"field-items\">\n<div class=\"field-item even\" property=\"content:encoded\">\n<p class=\"rtejustify\">La majorit\u00e9 gouvernementale veut rassurer face \u00e0 la situation actuelle marqu\u00e9e par la flamb\u00e9e des prix et une conjoncture internationale difficile. Lors de la r\u00e9union mensuelle de la coalition tenue vendredi sous la pr\u00e9sidence du pr\u00e9sident du RNI, Aziz Akhannouch, en pr\u00e9sence des secr\u00e9taires g\u00e9n\u00e9raux du PAM, Abdellatif Ouahbi, et de l&rsquo;Istiqlal, Nizar Baraka, la majorit\u00e9 a affirm\u00e9 qu\u2019elle est r\u00e9solue \u00e0 soutenir les citoyens et faire face aux r\u00e9percussions de la conjoncture internationale.<\/p>\n<\/div>\n<\/div>\n<\/div>\n<\/div>\n<p>Auteur: hgueye<br \/>\n<a href=\"https:\/\/www.leconomiste.com\/flash-infos\/conjoncture-internationale-flambee-de-prix-la-majorite-tente-de-rassurer\">Cliquez ici pour lire l&rsquo;article depuis sa source.<\/a><\/p>\n","protected":false},"excerpt":{"rendered":"<p>La majorit\u00e9 gouvernementale veut rassurer face \u00e0 la situation actuelle marqu\u00e9e par la flamb\u00e9e des prix et une conjoncture internationale difficile. Lors de la r\u00e9union mensuelle de la coalition tenue vendredi sous la pr\u00e9sidence du pr\u00e9sident du RNI, Aziz Akhannouch, en pr\u00e9sence des secr\u00e9taires g\u00e9n\u00e9raux du PAM, Abdellatif Ouahbi, et de l&rsquo;Istiqlal, Nizar Baraka, la [&hellip;]<\/p>\n","protected":false},"author":1763,"featured_media":0,"comment_status":"closed","ping_status":"closed","sticky":false,"template":"","format":"standard","meta":{"fifu_image_url":"","fifu_image_alt":"","footnotes":""},"categories":[78,54],"tags":[],"class_list":["post-145093","post","type-post","status-publish","format-standard","hentry","category-economie","category-maroc"],"_links":{"self":[{"href":"https:\/\/linitiative.ca\/International\/wp-json\/wp\/v2\/posts\/145093","targetHints":{"allow":["GET"]}}],"collection":[{"href":"https:\/\/linitiative.ca\/International\/wp-json\/wp\/v2\/posts"}],"about":[{"href":"https:\/\/linitiative.ca\/International\/wp-json\/wp\/v2\/types\/post"}],"author":[{"embeddable":true,"href":"https:\/\/linitiative.ca\/International\/wp-json\/wp\/v2\/users\/1763"}],"replies":[{"embeddable":true,"href":"https:\/\/linitiative.ca\/International\/wp-json\/wp\/v2\/comments?post=145093"}],"version-history":[{"count":0,"href":"https:\/\/linitiative.ca\/International\/wp-json\/wp\/v2\/posts\/145093\/revisions"}],"wp:attachment":[{"href":"https:\/\/linitiative.ca\/International\/wp-json\/wp\/v2\/media?parent=145093"}],"wp:term":[{"taxonomy":"category","embeddable":true,"href":"https:\/\/linitiative.ca\/International\/wp-json\/wp\/v2\/categories?post=145093"},{"taxonomy":"post_tag","embeddable":true,"href":"https:\/\/linitiative.ca\/International\/wp-json\/wp\/v2\/tags?post=145093"}],"curies":[{"name":"wp","href":"https:\/\/api.w.org\/{rel}","templated":true}]}}