{"id":145098,"date":"2022-04-09T08:19:00","date_gmt":"2022-04-09T12:19:00","guid":{"rendered":"https:\/\/linitiative.ca\/International\/chelsea-pour-tuchel-la-meforme-de-kante-pourrait-sexpliquer-par-le-ramadan\/"},"modified":"2022-04-09T08:19:00","modified_gmt":"2022-04-09T12:19:00","slug":"chelsea-pour-tuchel-la-meforme-de-kante-pourrait-sexpliquer-par-le-ramadan","status":"publish","type":"post","link":"https:\/\/linitiative.ca\/International\/chelsea-pour-tuchel-la-meforme-de-kante-pourrait-sexpliquer-par-le-ramadan\/","title":{"rendered":"Chelsea : Pour Tuchel, la m\u00e9forme de Kant\u00e9 pourrait s&rsquo;expliquer par le ramadan"},"content":{"rendered":"<div>Avec des d\u00e9faites face \u00e0 Brentford et le Real Madrid, Chelsea a v\u00e9cu une semaine difficile, et l\u2019une des raisons des difficult\u00e9s des Blues est la relative m\u00e9forme de N\u2019Golo Kant\u00e9<\/div>\n<p>Auteur:<br \/>\n<a href=\"https:\/\/www.lebuteur.com\/article\/detail?titre=chelsea-pour-tuchel-la-meforme-de-kante-pourrait-sexpliquer-par-le-ramadan&#038;id=102665\">Cliquez ici pour lire l&rsquo;article depuis sa source.<\/a><\/p>\n","protected":false},"excerpt":{"rendered":"<p>Avec des d\u00e9faites face \u00e0 Brentford et le Real Madrid, Chelsea a v\u00e9cu une semaine difficile, et l\u2019une des raisons des difficult\u00e9s des Blues est la relative m\u00e9forme de N\u2019Golo Kant\u00e9 Auteur: Cliquez ici pour lire l&rsquo;article depuis sa source.<\/p>\n","protected":false},"author":1738,"featured_media":0,"comment_status":"closed","ping_status":"closed","sticky":false,"template":"","format":"standard","meta":{"fifu_image_url":"","fifu_image_alt":"","footnotes":""},"categories":[53,75],"tags":[],"class_list":["post-145098","post","type-post","status-publish","format-standard","hentry","category-algerie","category-sport"],"_links":{"self":[{"href":"https:\/\/linitiative.ca\/International\/wp-json\/wp\/v2\/posts\/145098","targetHints":{"allow":["GET"]}}],"collection":[{"href":"https:\/\/linitiative.ca\/International\/wp-json\/wp\/v2\/posts"}],"about":[{"href":"https:\/\/linitiative.ca\/International\/wp-json\/wp\/v2\/types\/post"}],"author":[{"embeddable":true,"href":"https:\/\/linitiative.ca\/International\/wp-json\/wp\/v2\/users\/1738"}],"replies":[{"embeddable":true,"href":"https:\/\/linitiative.ca\/International\/wp-json\/wp\/v2\/comments?post=145098"}],"version-history":[{"count":0,"href":"https:\/\/linitiative.ca\/International\/wp-json\/wp\/v2\/posts\/145098\/revisions"}],"wp:attachment":[{"href":"https:\/\/linitiative.ca\/International\/wp-json\/wp\/v2\/media?parent=145098"}],"wp:term":[{"taxonomy":"category","embeddable":true,"href":"https:\/\/linitiative.ca\/International\/wp-json\/wp\/v2\/categories?post=145098"},{"taxonomy":"post_tag","embeddable":true,"href":"https:\/\/linitiative.ca\/International\/wp-json\/wp\/v2\/tags?post=145098"}],"curies":[{"name":"wp","href":"https:\/\/api.w.org\/{rel}","templated":true}]}}