{"id":145102,"date":"2022-04-09T06:50:00","date_gmt":"2022-04-09T10:50:00","guid":{"rendered":"https:\/\/linitiative.ca\/International\/hedi-ben-abbes-decadence-prelude-au-nouvel-ordre-mondial\/"},"modified":"2022-04-09T06:50:00","modified_gmt":"2022-04-09T10:50:00","slug":"hedi-ben-abbes-decadence-prelude-au-nouvel-ordre-mondial","status":"publish","type":"post","link":"https:\/\/linitiative.ca\/International\/hedi-ben-abbes-decadence-prelude-au-nouvel-ordre-mondial\/","title":{"rendered":"Hedi Ben Abbes &#8211; D\u00e9cadence : pr\u00e9lude au Nouvel Ordre mondial !"},"content":{"rendered":"<div><img decoding=\"async\" src=\"https:\/\/linitiative.ca\/International\/wp-content\/uploads\/sites\/23\/2022\/04\/1649498940_article.jpg\" alt=\"D\u00e9cadence : pr\u00e9lude au Nouvel Ordre mondial !\" align=\"left\">Rien de tel qu\u2019un d\u00e9sordre mondial g\u00e9n\u00e9ralis\u00e9 pour mettre en exergue les enjeux g\u00e9ostrat\u00e9giques allant de la fausse mondialisation heureuse, multilat\u00e9raliste ch\u00e8re \u00e0 Alain Minc et Francis Fukuyama \u00e0 la multipolarit\u00e9 souverainiste et identitaire identifi\u00e9e par Robert Kaplan comme la cons\u00e9quence directe d\u2019une mondialisation qui a perdu ses rep\u00e8res. Avant l\u2019effondrement du mondialisme marchand et l\u2019affirmation du multipolarisme souverainiste et identitaire, nous assistons \u00e0 la remise en question des valeurs et au d\u00e9sordre mondial, pr\u00e9lude \u00e0 un nouveau monde dont on peut affirmer qu\u2019il n\u2019aura ni les m\u00eames valeurs, ni la m\u00eame distribution des rapports de force que &#8230;<\/p>\n<\/div>\n<p>Auteur:<br \/>\n<a href=\"https:\/\/www.leaders.com.tn\/article\/33214-decadence-prelude-au-nouvel-ordre-mondial\">Cliquez ici pour lire l&rsquo;article depuis sa source.<\/a><\/p>\n","protected":false},"excerpt":{"rendered":"<p>Rien de tel qu\u2019un d\u00e9sordre mondial g\u00e9n\u00e9ralis\u00e9 pour mettre en exergue les enjeux g\u00e9ostrat\u00e9giques allant de la fausse mondialisation heureuse, multilat\u00e9raliste ch\u00e8re \u00e0 Alain Minc et Francis Fukuyama \u00e0 la multipolarit\u00e9 souverainiste et identitaire identifi\u00e9e par Robert Kaplan comme la cons\u00e9quence directe d\u2019une mondialisation qui a perdu ses rep\u00e8res. Avant l\u2019effondrement du mondialisme marchand et [&hellip;]<\/p>\n","protected":false},"author":1772,"featured_media":0,"comment_status":"closed","ping_status":"closed","sticky":false,"template":"","format":"standard","meta":{"fifu_image_url":"http:\/\/www.leaders.com.tn\/uploads\/content\/thumbnails_small\/1649498940_article.jpg","fifu_image_alt":"Hedi Ben Abbes - D\u00e9cadence : pr\u00e9lude au Nouvel Ordre mondial !","footnotes":""},"categories":[73,55],"tags":[],"class_list":["post-145102","post","type-post","status-publish","format-standard","hentry","category-actualite","category-tunisie"],"_links":{"self":[{"href":"https:\/\/linitiative.ca\/International\/wp-json\/wp\/v2\/posts\/145102","targetHints":{"allow":["GET"]}}],"collection":[{"href":"https:\/\/linitiative.ca\/International\/wp-json\/wp\/v2\/posts"}],"about":[{"href":"https:\/\/linitiative.ca\/International\/wp-json\/wp\/v2\/types\/post"}],"author":[{"embeddable":true,"href":"https:\/\/linitiative.ca\/International\/wp-json\/wp\/v2\/users\/1772"}],"replies":[{"embeddable":true,"href":"https:\/\/linitiative.ca\/International\/wp-json\/wp\/v2\/comments?post=145102"}],"version-history":[{"count":0,"href":"https:\/\/linitiative.ca\/International\/wp-json\/wp\/v2\/posts\/145102\/revisions"}],"wp:attachment":[{"href":"https:\/\/linitiative.ca\/International\/wp-json\/wp\/v2\/media?parent=145102"}],"wp:term":[{"taxonomy":"category","embeddable":true,"href":"https:\/\/linitiative.ca\/International\/wp-json\/wp\/v2\/categories?post=145102"},{"taxonomy":"post_tag","embeddable":true,"href":"https:\/\/linitiative.ca\/International\/wp-json\/wp\/v2\/tags?post=145102"}],"curies":[{"name":"wp","href":"https:\/\/api.w.org\/{rel}","templated":true}]}}