{"id":145106,"date":"2022-04-09T08:26:09","date_gmt":"2022-04-09T12:26:09","guid":{"rendered":"https:\/\/linitiative.ca\/International\/mohammed-sadiki-on-sachemine-vers-une-annee-agricole-qui-nest-pas-perdue\/"},"modified":"2022-04-09T08:26:09","modified_gmt":"2022-04-09T12:26:09","slug":"mohammed-sadiki-on-sachemine-vers-une-annee-agricole-qui-nest-pas-perdue","status":"publish","type":"post","link":"https:\/\/linitiative.ca\/International\/mohammed-sadiki-on-sachemine-vers-une-annee-agricole-qui-nest-pas-perdue\/","title":{"rendered":"Mohammed Sadiki: \u00ab\u00a0On s\u2019achemine vers une ann\u00e9e agricole qui n\u2019est pas perdue\u00a0\u00bb"},"content":{"rendered":"<div><img decoding=\"async\" width=\"1200\" height=\"771\" src=\"https:\/\/linitiative.ca\/International\/wp-content\/uploads\/sites\/23\/2022\/04\/Mohammed-SADIKI-1.jpg\" class=\"attachment-post-thumbnail size-post-thumbnail wp-post-image\" alt=\"\" loading=\"lazy\" srcset=\"https:\/\/linitiative.ca\/International\/wp-content\/uploads\/sites\/23\/2022\/04\/Mohammed-SADIKI-1.jpg 1200w, https:\/\/www.challenge.ma\/wp-content\/uploads\/2022\/04\/Mohammed-SADIKI-1-300x193.jpg 300w, https:\/\/www.challenge.ma\/wp-content\/uploads\/2022\/04\/Mohammed-SADIKI-1-1024x658.jpg 1024w, https:\/\/www.challenge.ma\/wp-content\/uploads\/2022\/04\/Mohammed-SADIKI-1-768x493.jpg 768w, https:\/\/www.challenge.ma\/wp-content\/uploads\/2022\/04\/Mohammed-SADIKI-1-360x231.jpg 360w, https:\/\/www.challenge.ma\/wp-content\/uploads\/2022\/04\/Mohammed-SADIKI-1-750x482.jpg 750w\" sizes=\"auto, (max-width: 1200px) 100vw, 1200px\" itemprop=\"image\">En f\u00e9vrier dernier, la situation pluviom\u00e9trique suscitait beaucoup d\u2019inqui\u00e9tude, mais depuis\u00a0 d\u00e9but mars, les pluies sont revenues d\u2019une mani\u00e8re r\u00e9guli\u00e8re. Le ministre de l\u2019Agriculture, de la P\u00eache maritime, du D\u00e9veloppement rural et des eaux et for\u00eats, Mohammed Sadiki, se montre optimiste : les pluies qu\u2019a connues le Maroc derni\u00e8rement, ont<\/div>\n<p>Auteur: Adama Sylla<br \/>\n<a href=\"https:\/\/www.challenge.ma\/mohammed-sadiki-on-sachemine-vers-une-annee-agricole-qui-nest-pas-perdue-236455\/\">Cliquez ici pour lire l&rsquo;article depuis sa source.<\/a><\/p>\n","protected":false},"excerpt":{"rendered":"<p>En f\u00e9vrier dernier, la situation pluviom\u00e9trique suscitait beaucoup d\u2019inqui\u00e9tude, mais depuis\u00a0 d\u00e9but mars, les pluies sont revenues d\u2019une mani\u00e8re r\u00e9guli\u00e8re. Le ministre de l\u2019Agriculture, de la P\u00eache maritime, du D\u00e9veloppement rural et des eaux et for\u00eats, Mohammed Sadiki, se montre optimiste : les pluies qu\u2019a connues le Maroc derni\u00e8rement, ont Auteur: Adama Sylla Cliquez ici [&hellip;]<\/p>\n","protected":false},"author":1787,"featured_media":0,"comment_status":"closed","ping_status":"closed","sticky":false,"template":"","format":"standard","meta":{"fifu_image_url":"https:\/\/www.challenge.ma\/wp-content\/uploads\/2022\/04\/Mohammed-SADIKI-1.jpg","fifu_image_alt":"Mohammed Sadiki: \u00ab\u00a0On s\u2019achemine vers une ann\u00e9e agricole qui n\u2019est pas perdue\u00a0\u00bb","footnotes":""},"categories":[78,54],"tags":[],"class_list":["post-145106","post","type-post","status-publish","format-standard","hentry","category-economie","category-maroc"],"_links":{"self":[{"href":"https:\/\/linitiative.ca\/International\/wp-json\/wp\/v2\/posts\/145106","targetHints":{"allow":["GET"]}}],"collection":[{"href":"https:\/\/linitiative.ca\/International\/wp-json\/wp\/v2\/posts"}],"about":[{"href":"https:\/\/linitiative.ca\/International\/wp-json\/wp\/v2\/types\/post"}],"author":[{"embeddable":true,"href":"https:\/\/linitiative.ca\/International\/wp-json\/wp\/v2\/users\/1787"}],"replies":[{"embeddable":true,"href":"https:\/\/linitiative.ca\/International\/wp-json\/wp\/v2\/comments?post=145106"}],"version-history":[{"count":0,"href":"https:\/\/linitiative.ca\/International\/wp-json\/wp\/v2\/posts\/145106\/revisions"}],"wp:attachment":[{"href":"https:\/\/linitiative.ca\/International\/wp-json\/wp\/v2\/media?parent=145106"}],"wp:term":[{"taxonomy":"category","embeddable":true,"href":"https:\/\/linitiative.ca\/International\/wp-json\/wp\/v2\/categories?post=145106"},{"taxonomy":"post_tag","embeddable":true,"href":"https:\/\/linitiative.ca\/International\/wp-json\/wp\/v2\/tags?post=145106"}],"curies":[{"name":"wp","href":"https:\/\/api.w.org\/{rel}","templated":true}]}}